{"id":83,"date":"2013-03-05T18:08:35","date_gmt":"2013-03-05T21:08:35","guid":{"rendered":"http:\/\/www.carlosmontes.cl\/senador\/?p=83"},"modified":"2014-04-30T15:27:09","modified_gmt":"2014-04-30T19:27:09","slug":"reforma-tributaria","status":"publish","type":"post","link":"https:\/\/www.carlosmontes.cl\/senador\/reforma-tributaria\/","title":{"rendered":"Reforma tributaria"},"content":{"rendered":"<blockquote><p>&nbsp;<\/p>\n<p>Impulsar una profunda reforma tributaria es imprescindible para enfrentar la desigualdad, redistribuir de mejor forma los frutos del desarrollo y abordar las carencias de Chile en materia de educaci\u00f3n, salud, vivienda e infraestructura. Las modificaciones deben apuntar, adem\u00e1s, a frenar la evasi\u00f3n y potenciar la peque\u00f1a y mediana empresa. S\u00f3lo un pa\u00eds m\u00e1s equitativo y con mejores servicios asegura estabilidad para la inversi\u00f3n.<\/p><\/blockquote>\n<article class=\"post-item-first clearfix\">\n\t\t\t\t<a href=\"https:\/\/www.carlosmontes.cl\/senador\/senador-montes-aboga-por-incrementar-la-inversion-publica-en-presupuesto-2018\/\"><\/p>\n<h3 class=\"title\">Senador Montes aboga por incrementar la inversi\u00f3n p\u00fablica en Presupuesto 2018<\/h3>\n<p><\/a><\/p>\n<section class=\"post-meta clearfix\">\n<div class=\"post-date\">26\/09\/2017<\/div>\n<div class=\"post-tags\"><a href=\"https:\/\/www.carlosmontes.cl\/senador\/category\/noticias\/\" rel=\"category tag\">noticias<\/a>, <a href=\"https:\/\/www.carlosmontes.cl\/senador\/category\/7-transformaciones\/reforma-tributaria\/\" rel=\"category tag\">Reforma tributaria<\/a><\/div>\n<div class=\"post-comments\"><a href=\"https:\/\/www.carlosmontes.cl\/senador\/senador-montes-aboga-por-incrementar-la-inversion-publica-en-presupuesto-2018\/#respond\" title=\"No hay comentarios\">No hay comentarios<\/a><\/div>\n<div class=\"post-tags\">Etiquetas: <a href=\"https:\/\/www.carlosmontes.cl\/senador\/tag\/anticiclica\/\" rel=\"tag\">antic\u00edclica<\/a>, <a href=\"https:\/\/www.carlosmontes.cl\/senador\/tag\/ciclica\/\" rel=\"tag\">c\u00edclica<\/a>, <a href=\"https:\/\/www.carlosmontes.cl\/senador\/tag\/educacion-2\/\" rel=\"tag\">educaci\u00f3n<\/a>, <a href=\"https:\/\/www.carlosmontes.cl\/senador\/tag\/empleo\/\" rel=\"tag\">empleo<\/a>, <a href=\"https:\/\/www.carlosmontes.cl\/senador\/tag\/fiscal\/\" rel=\"tag\">fiscal<\/a>, <a href=\"https:\/\/www.carlosmontes.cl\/senador\/tag\/gasto\/\" rel=\"tag\">gasto<\/a>, <a href=\"https:\/\/www.carlosmontes.cl\/senador\/tag\/inversion\/\" rel=\"tag\">inversi\u00f3n<\/a>, <a href=\"https:\/\/www.carlosmontes.cl\/senador\/tag\/presupuesto\/\" rel=\"tag\">presupuesto<\/a>, <a href=\"https:\/\/www.carlosmontes.cl\/senador\/tag\/privados\/\" rel=\"tag\">privados<\/a>, <a href=\"https:\/\/www.carlosmontes.cl\/senador\/tag\/publico\/\" rel=\"tag\">p\u00fablico<\/a>, <a href=\"https:\/\/www.carlosmontes.cl\/senador\/tag\/salud\/\" rel=\"tag\">salud<\/a>, <a href=\"https:\/\/www.carlosmontes.cl\/senador\/tag\/vivienda\/\" rel=\"tag\">vivienda<\/a><\/div>\n<\/section>\n<p>\t\t\t\t\t\t\t\t<a class=\"single-image\" href=\"https:\/\/www.carlosmontes.cl\/senador\/wp-content\/uploads\/2017\/01\/NEP.jpg\"><br \/>\n\t\t\t\t\t<img width=\"590\" height=\"340\" src=\"https:\/\/www.carlosmontes.cl\/senador\/wp-content\/uploads\/2017\/01\/NEP-590x340.jpg\" class=\"custom-frame wp-post-image\" alt=\"\" loading=\"lazy\" title=\"\" \/>\t\t\t\t<\/a><\/p>\n<p>El\u00a0senador Carlos Montes (PS), presidente de la comisi\u00f3n especial mixta de Presupuesto, se\u00f1al\u00f3 su convicci\u00f3n en torno a la necesidad de incrementar la inversi\u00f3n fiscal, con miras a la discusi\u00f3n del erario p\u00fablico para el a\u00f1o 2018. El legislador explic\u00f3 que \u00ablas prioridades que hasta hoy d\u00eda se han planteado son bastante claras porque son &hellip;<\/p>\n<p>\t\t\t\t\t\t\t\t<a href=\"https:\/\/www.carlosmontes.cl\/senador\/senador-montes-aboga-por-incrementar-la-inversion-publica-en-presupuesto-2018\/\" class=\"button gray\" title=\"Leer m\u00e1s \u2192\">Leer m\u00e1s \u2192<\/a><br \/>\n\t\t\t\t\t\t\t<\/article>\n<article class=\"post-item clearfix\">\n\t\t\t\t<a href=\"https:\/\/www.carlosmontes.cl\/senador\/otro-crecimiento-economico-y-las-elecciones-2017\/\"><\/p>\n<h3 class=\"title\">Otro crecimiento econ\u00f3mico y las elecciones 2017<\/h3>\n<p><\/a><\/p>\n<section class=\"post-meta clearfix\">\n<div class=\"post-date\">05\/07\/2017<\/div>\n<div class=\"post-tags\"><a href=\"https:\/\/www.carlosmontes.cl\/senador\/category\/noticias\/\" rel=\"category tag\">noticias<\/a>, <a href=\"https:\/\/www.carlosmontes.cl\/senador\/category\/opinion\/\" rel=\"category tag\">Opini\u00f3n<\/a>, <a href=\"https:\/\/www.carlosmontes.cl\/senador\/category\/7-transformaciones\/reforma-tributaria\/\" rel=\"category tag\">Reforma tributaria<\/a><\/div>\n<div class=\"post-comments\"><a href=\"https:\/\/www.carlosmontes.cl\/senador\/otro-crecimiento-economico-y-las-elecciones-2017\/#respond\" title=\"No hay comentarios\">No hay comentarios<\/a><\/div>\n<div class=\"post-tags\">Etiquetas: <a href=\"https:\/\/www.carlosmontes.cl\/senador\/tag\/boom\/\" rel=\"tag\">boom<\/a>, <a href=\"https:\/\/www.carlosmontes.cl\/senador\/tag\/capacitacion\/\" rel=\"tag\">capacitaci\u00f3n<\/a>, <a href=\"https:\/\/www.carlosmontes.cl\/senador\/tag\/ciclo\/\" rel=\"tag\">ciclo<\/a>, <a href=\"https:\/\/www.carlosmontes.cl\/senador\/tag\/commodities\/\" rel=\"tag\">commodities<\/a>, <a href=\"https:\/\/www.carlosmontes.cl\/senador\/tag\/crecimiento\/\" rel=\"tag\">crecimiento<\/a>, <a href=\"https:\/\/www.carlosmontes.cl\/senador\/tag\/desarrollo\/\" rel=\"tag\">desarrollo<\/a>, <a href=\"https:\/\/www.carlosmontes.cl\/senador\/tag\/eleccion\/\" rel=\"tag\">elecci\u00f3n<\/a>, <a href=\"https:\/\/www.carlosmontes.cl\/senador\/tag\/elecciones\/\" rel=\"tag\">elecciones<\/a>, <a href=\"https:\/\/www.carlosmontes.cl\/senador\/tag\/empleos\/\" rel=\"tag\">empleos<\/a>, <a href=\"https:\/\/www.carlosmontes.cl\/senador\/tag\/emprendedor\/\" rel=\"tag\">emprendedor<\/a>, <a href=\"https:\/\/www.carlosmontes.cl\/senador\/tag\/estado\/\" rel=\"tag\">Estado<\/a>, <a href=\"https:\/\/www.carlosmontes.cl\/senador\/tag\/financieras\/\" rel=\"tag\">financieras<\/a>, <a href=\"https:\/\/www.carlosmontes.cl\/senador\/tag\/franquicias\/\" rel=\"tag\">franquicias<\/a>, <a href=\"https:\/\/www.carlosmontes.cl\/senador\/tag\/gasto\/\" rel=\"tag\">gasto<\/a>, <a href=\"https:\/\/www.carlosmontes.cl\/senador\/tag\/industrial\/\" rel=\"tag\">industrial<\/a>, <a href=\"https:\/\/www.carlosmontes.cl\/senador\/tag\/infraestructura\/\" rel=\"tag\">infraestructura<\/a>, <a href=\"https:\/\/www.carlosmontes.cl\/senador\/tag\/inversion\/\" rel=\"tag\">inversi\u00f3n<\/a>, <a href=\"https:\/\/www.carlosmontes.cl\/senador\/tag\/materias\/\" rel=\"tag\">materias<\/a>, <a href=\"https:\/\/www.carlosmontes.cl\/senador\/tag\/politica\/\" rel=\"tag\">pol\u00edtica<\/a>, <a href=\"https:\/\/www.carlosmontes.cl\/senador\/tag\/primas\/\" rel=\"tag\">primas<\/a>, <a href=\"https:\/\/www.carlosmontes.cl\/senador\/tag\/proyectos\/\" rel=\"tag\">proyectos<\/a>, <a href=\"https:\/\/www.carlosmontes.cl\/senador\/tag\/rentas\/\" rel=\"tag\">rentas<\/a>, <a href=\"https:\/\/www.carlosmontes.cl\/senador\/tag\/tributario\/\" rel=\"tag\">tributario<\/a><\/div>\n<\/section>\n<p>Las propuestas de los precandidatos presidenciales se ha centrado en su opini\u00f3n en relaci\u00f3n a diversos derechos sociales: la continuidad de la gratuidad, la inversi\u00f3n en salud o la modificaci\u00f3n al sistema previsional. Con escasa fuerza aparece el crecimiento econ\u00f3mico. Como lo planteamos los senadores socialistas en un documento elaborado con especialistas, \u00e9ste es indispensable &hellip;<\/p>\n<p>\t\t\t\t\t\t\t\t<a href=\"https:\/\/www.carlosmontes.cl\/senador\/otro-crecimiento-economico-y-las-elecciones-2017\/\" class=\"button gray\" title=\"Leer m\u00e1s \u2192\">Leer m\u00e1s \u2192<\/a><br \/>\n\t\t\t\t\t\t\t<\/article>\n<article class=\"post-item clearfix\">\n\t\t\t\t<a href=\"https:\/\/www.carlosmontes.cl\/senador\/senadores-ps-entregan-a-bachelet-propuestas-sobre-crecimiento-economico-y-educacion-superior\/\"><\/p>\n<h3 class=\"title\">Senadores PS entregan a Bachelet propuestas sobre crecimiento econ\u00f3mico y educaci\u00f3n superior<\/h3>\n<p><\/a><\/p>\n<section class=\"post-meta clearfix\">\n<div class=\"post-date\">03\/08\/2016<\/div>\n<div class=\"post-tags\"><a href=\"https:\/\/www.carlosmontes.cl\/senador\/category\/7-transformaciones\/educacion\/\" rel=\"category tag\">Educaci\u00f3n p\u00fablica gratuita y de calidad<\/a>, <a href=\"https:\/\/www.carlosmontes.cl\/senador\/category\/noticias\/\" rel=\"category tag\">noticias<\/a>, <a href=\"https:\/\/www.carlosmontes.cl\/senador\/category\/7-transformaciones\/reforma-tributaria\/\" rel=\"category tag\">Reforma tributaria<\/a><\/div>\n<div class=\"post-comments\"><a href=\"https:\/\/www.carlosmontes.cl\/senador\/senadores-ps-entregan-a-bachelet-propuestas-sobre-crecimiento-economico-y-educacion-superior\/#respond\" title=\"No hay comentarios\">No hay comentarios<\/a><\/div>\n<div class=\"post-tags\">Etiquetas: <a href=\"https:\/\/www.carlosmontes.cl\/senador\/tag\/academicos\/\" rel=\"tag\">acad\u00e9micos<\/a>, <a href=\"https:\/\/www.carlosmontes.cl\/senador\/tag\/agilizar\/\" rel=\"tag\">agilizar<\/a>, <a href=\"https:\/\/www.carlosmontes.cl\/senador\/tag\/alumnos\/\" rel=\"tag\">alumnos<\/a>, <a href=\"https:\/\/www.carlosmontes.cl\/senador\/tag\/becas\/\" rel=\"tag\">becas<\/a>, <a href=\"https:\/\/www.carlosmontes.cl\/senador\/tag\/centros\/\" rel=\"tag\">centros<\/a>, <a href=\"https:\/\/www.carlosmontes.cl\/senador\/tag\/costos\/\" rel=\"tag\">costos<\/a>, <a href=\"https:\/\/www.carlosmontes.cl\/senador\/tag\/crecimiento\/\" rel=\"tag\">crecimiento<\/a>, <a href=\"https:\/\/www.carlosmontes.cl\/senador\/tag\/creditos\/\" rel=\"tag\">cr\u00e9ditos<\/a>, <a href=\"https:\/\/www.carlosmontes.cl\/senador\/tag\/desaceleracion\/\" rel=\"tag\">desaceleraci\u00f3n<\/a>, <a href=\"https:\/\/www.carlosmontes.cl\/senador\/tag\/desarrollo\/\" rel=\"tag\">desarrollo<\/a>, <a href=\"https:\/\/www.carlosmontes.cl\/senador\/tag\/economia\/\" rel=\"tag\">econom\u00eda<\/a>, <a href=\"https:\/\/www.carlosmontes.cl\/senador\/tag\/educacion-2\/\" rel=\"tag\">educaci\u00f3n<\/a>, <a href=\"https:\/\/www.carlosmontes.cl\/senador\/tag\/empleo\/\" rel=\"tag\">empleo<\/a>, <a href=\"https:\/\/www.carlosmontes.cl\/senador\/tag\/estado\/\" rel=\"tag\">Estado<\/a>, <a href=\"https:\/\/www.carlosmontes.cl\/senador\/tag\/estatales\/\" rel=\"tag\">estatales<\/a>, <a href=\"https:\/\/www.carlosmontes.cl\/senador\/tag\/estudiantes\/\" rel=\"tag\">estudiantes<\/a>, <a href=\"https:\/\/www.carlosmontes.cl\/senador\/tag\/familias\/\" rel=\"tag\">familias<\/a>, <a href=\"https:\/\/www.carlosmontes.cl\/senador\/tag\/g9\/\" rel=\"tag\">G9<\/a>, <a href=\"https:\/\/www.carlosmontes.cl\/senador\/tag\/gratuidad\/\" rel=\"tag\">gratuidad<\/a>, <a href=\"https:\/\/www.carlosmontes.cl\/senador\/tag\/industrializacion\/\" rel=\"tag\">industrializaci\u00f3n<\/a>, <a href=\"https:\/\/www.carlosmontes.cl\/senador\/tag\/instituciones\/\" rel=\"tag\">instituciones<\/a>, <a href=\"https:\/\/www.carlosmontes.cl\/senador\/tag\/institutos\/\" rel=\"tag\">institutos<\/a>, <a href=\"https:\/\/www.carlosmontes.cl\/senador\/tag\/inversion\/\" rel=\"tag\">inversi\u00f3n<\/a>, <a href=\"https:\/\/www.carlosmontes.cl\/senador\/tag\/padres\/\" rel=\"tag\">padres<\/a>, <a href=\"https:\/\/www.carlosmontes.cl\/senador\/tag\/politicas\/\" rel=\"tag\">pol\u00edticas<\/a>, <a href=\"https:\/\/www.carlosmontes.cl\/senador\/tag\/privadas\/\" rel=\"tag\">privadas<\/a>, <a href=\"https:\/\/www.carlosmontes.cl\/senador\/tag\/superior\/\" rel=\"tag\">superior<\/a>, <a href=\"https:\/\/www.carlosmontes.cl\/senador\/tag\/universidades\/\" rel=\"tag\">universidades<\/a><\/div>\n<\/section>\n<p>\t\t\t\t\t\t\t\t<a class=\"single-image\" href=\"https:\/\/www.carlosmontes.cl\/senador\/wp-content\/uploads\/2016\/08\/FOTO-BANCADA-PS-CON-BACHELET.jpg\"><br \/>\n\t\t\t\t\t<img width=\"590\" height=\"340\" src=\"https:\/\/www.carlosmontes.cl\/senador\/wp-content\/uploads\/2016\/08\/FOTO-BANCADA-PS-CON-BACHELET-590x340.jpg\" class=\"custom-frame wp-post-image\" alt=\"\" loading=\"lazy\" title=\"\" \/>\t\t\t\t<\/a><\/p>\n<p>Hasta el Palacio de La Moneda lleg\u00f3 la bancada de senadores del Partido Socialista para entregar a la Presidenta Michelle Bachelet dos documentos elaborados por los legisladores\u00a0con aportes de expertos, uno con propuestas para impulsar el crecimiento econ\u00f3mico del pa\u00eds y otro con la visi\u00f3n de la bancada sobre lo que\u00a0deber\u00e1 ser la nueva ley &hellip;<\/p>\n<p>\t\t\t\t\t\t\t\t<a href=\"https:\/\/www.carlosmontes.cl\/senador\/senadores-ps-entregan-a-bachelet-propuestas-sobre-crecimiento-economico-y-educacion-superior\/\" class=\"button gray\" title=\"Leer m\u00e1s \u2192\">Leer m\u00e1s \u2192<\/a><br \/>\n\t\t\t\t\t\t\t<\/article>\n","protected":false},"excerpt":{"rendered":"<p>&nbsp; Impulsar una profunda reforma tributaria es imprescindible para enfrentar la desigualdad, redistribuir de mejor forma los frutos del desarrollo y abordar las carencias de Chile en materia de educaci\u00f3n, salud, vivienda e infraestructura. Las modificaciones deben apuntar, adem\u00e1s, a frenar la evasi\u00f3n y potenciar la peque\u00f1a y mediana empresa. S\u00f3lo un pa\u00eds m\u00e1s equitativo &hellip;<\/p>\n","protected":false},"author":1,"featured_media":0,"comment_status":"open","ping_status":"open","sticky":false,"template":"","format":"standard","meta":[],"categories":[4],"tags":[],"_links":{"self":[{"href":"https:\/\/www.carlosmontes.cl\/senador\/wp-json\/wp\/v2\/posts\/83"}],"collection":[{"href":"https:\/\/www.carlosmontes.cl\/senador\/wp-json\/wp\/v2\/posts"}],"about":[{"href":"https:\/\/www.carlosmontes.cl\/senador\/wp-json\/wp\/v2\/types\/post"}],"author":[{"embeddable":true,"href":"https:\/\/www.carlosmontes.cl\/senador\/wp-json\/wp\/v2\/users\/1"}],"replies":[{"embeddable":true,"href":"https:\/\/www.carlosmontes.cl\/senador\/wp-json\/wp\/v2\/comments?post=83"}],"version-history":[{"count":6,"href":"https:\/\/www.carlosmontes.cl\/senador\/wp-json\/wp\/v2\/posts\/83\/revisions"}],"predecessor-version":[{"id":323,"href":"https:\/\/www.carlosmontes.cl\/senador\/wp-json\/wp\/v2\/posts\/83\/revisions\/323"}],"wp:attachment":[{"href":"https:\/\/www.carlosmontes.cl\/senador\/wp-json\/wp\/v2\/media?parent=83"}],"wp:term":[{"taxonomy":"category","embeddable":true,"href":"https:\/\/www.carlosmontes.cl\/senador\/wp-json\/wp\/v2\/categories?post=83"},{"taxonomy":"post_tag","embeddable":true,"href":"https:\/\/www.carlosmontes.cl\/senador\/wp-json\/wp\/v2\/tags?post=83"}],"curies":[{"name":"wp","href":"https:\/\/api.w.org\/{rel}","templated":true}]}}