{"id":779,"date":"2014-09-10T16:31:16","date_gmt":"2014-09-10T19:31:16","guid":{"rendered":"http:\/\/www.carlosmontes.cl\/senador\/?p=779"},"modified":"2014-09-10T17:55:49","modified_gmt":"2014-09-10T20:55:49","slug":"senado-aprueba-proyecto-de-ley-sobre-afectaciones-de-utilidad-publica","status":"publish","type":"post","link":"https:\/\/www.carlosmontes.cl\/senador\/senado-aprueba-proyecto-de-ley-sobre-afectaciones-de-utilidad-publica\/","title":{"rendered":"Senado aprueba proyecto de ley sobre afectaciones de utilidad p\u00fablica"},"content":{"rendered":"<p style=\"text-align: justify;\">El senador Carlos Montes valor\u00f3 la aprobaci\u00f3n por parte del Senado del <a title=\"Proyecto afectaciones utilidad p\u00fablica\" href=\"http:\/\/www.senado.cl\/appsenado\/templates\/tramitacion\/index.php?boletin_ini=8828-14\" target=\"_blank\">proyecto de ley sobre afectaciones de utilidad p\u00fablica<\/a>. En su intervenci\u00f3n, en la C\u00e1mara Alta (<a title=\"Intervenci\u00f3n afectaciones\" href=\"http:\/\/youtu.be\/NIsGwsyQ1ME\" target=\"_blank\">ver v\u00eddeo<\/a>), el legislador sostuvo que la iniciativa resulta indispensable para el desarrollo de las ciudades, en materia de vialidad y espacios p\u00fablicos, resolviendo un problema que est\u00e1 haciendo crisis a consecuencia de la eventual caducidad de muchos de estos grav\u00e1menes.<\/p>\n<p style=\"text-align: justify;\">El texto, en lo sustantivo, genera un nuevo mecanismo de afectaci\u00f3n y las correspondientes compensaciones. A diferencia de la normativa actual \u00e9stas volver\u00e1n a ser indefinidas, aunque no impedir\u00e1n al propietario utilizar el bien en el lapso que media entre la declaratoria y su posterior expropiaci\u00f3n.<\/p>\n<p style=\"text-align: justify;\">Si existe construcci\u00f3n en \u00e9l, podr\u00e1 seguirse ocupando y reponerse en caso de siniestro.\u00a0En caso de tratarse de un terreno eriazo, el due\u00f1o queda facultado para habilitar una construcci\u00f3n residencial o peque\u00f1o taller de hasta dos pisos. Se contempla, asimismo, la exenci\u00f3n del pago de contribuciones.<\/p>\n<p>&nbsp;<\/p>\n<p>&nbsp;<\/p>\n","protected":false},"excerpt":{"rendered":"<p>El senador Carlos Montes valor\u00f3 la aprobaci\u00f3n por parte del Senado del proyecto de ley sobre afectaciones de utilidad p\u00fablica. La iniciativa resulta indispensable para el desarrollo de las ciudades, en materia de vialidad y espacios p\u00fablicos.<\/p>\n","protected":false},"author":2,"featured_media":780,"comment_status":"open","ping_status":"open","sticky":false,"template":"","format":"standard","meta":[],"categories":[11,2],"tags":[425,428,32,432,434,134,436,403,433,427,392,430,429,435,71,86,426,431],"_links":{"self":[{"href":"https:\/\/www.carlosmontes.cl\/senador\/wp-json\/wp\/v2\/posts\/779"}],"collection":[{"href":"https:\/\/www.carlosmontes.cl\/senador\/wp-json\/wp\/v2\/posts"}],"about":[{"href":"https:\/\/www.carlosmontes.cl\/senador\/wp-json\/wp\/v2\/types\/post"}],"author":[{"embeddable":true,"href":"https:\/\/www.carlosmontes.cl\/senador\/wp-json\/wp\/v2\/users\/2"}],"replies":[{"embeddable":true,"href":"https:\/\/www.carlosmontes.cl\/senador\/wp-json\/wp\/v2\/comments?post=779"}],"version-history":[{"count":3,"href":"https:\/\/www.carlosmontes.cl\/senador\/wp-json\/wp\/v2\/posts\/779\/revisions"}],"predecessor-version":[{"id":790,"href":"https:\/\/www.carlosmontes.cl\/senador\/wp-json\/wp\/v2\/posts\/779\/revisions\/790"}],"wp:featuredmedia":[{"embeddable":true,"href":"https:\/\/www.carlosmontes.cl\/senador\/wp-json\/wp\/v2\/media\/780"}],"wp:attachment":[{"href":"https:\/\/www.carlosmontes.cl\/senador\/wp-json\/wp\/v2\/media?parent=779"}],"wp:term":[{"taxonomy":"category","embeddable":true,"href":"https:\/\/www.carlosmontes.cl\/senador\/wp-json\/wp\/v2\/categories?post=779"},{"taxonomy":"post_tag","embeddable":true,"href":"https:\/\/www.carlosmontes.cl\/senador\/wp-json\/wp\/v2\/tags?post=779"}],"curies":[{"name":"wp","href":"https:\/\/api.w.org\/{rel}","templated":true}]}}