{"id":739,"date":"2014-08-27T19:18:57","date_gmt":"2014-08-27T23:18:57","guid":{"rendered":"http:\/\/www.carlosmontes.cl\/senador\/?p=739"},"modified":"2014-09-11T14:08:19","modified_gmt":"2014-09-11T17:08:19","slug":"profesionales-comparten-su-experiencia-en-la-salas-de-clases-de-la-florida","status":"publish","type":"post","link":"https:\/\/www.carlosmontes.cl\/senador\/profesionales-comparten-su-experiencia-en-la-salas-de-clases-de-la-florida\/","title":{"rendered":"Profesionales comparten su experiencia en la salas de clases de La Florida"},"content":{"rendered":"<p style=\"text-align: justify;\">Con la visita de la <strong>subcomisaria Loreto Valenzuela <\/strong>de la Polic\u00eda de Investigaciones al <strong>colegio Indira Gandhi<\/strong> se inici\u00f3 el jueves 21 de agosto el ciclo de<strong> Charlas Educativas en La Florida<\/strong>, en la que profesionales de distintas \u00e1reas comparten su experiencia con alumnos de colegios municipales.\u00a0Esto en el marco de la <strong>iniciativa de construir una Nueva Educaci\u00f3n P\u00fablica de Calidad<\/strong> liderada por el Foro Ciudadano por una Nueva Educaci\u00f3n P\u00fablica y el senador Carlos Montes.<\/p>\n<p style=\"text-align: justify;\"><span style=\"line-height: 1.5em;\">Una de las herramientas propuestas para impulsar la educaci\u00f3n p\u00fablica es que<\/span><strong style=\"line-height: 1.5em;\"> intelectuales, acad\u00e9micos, artistas, empresarios p\u00fablicos y privados se involucren directamente en ella<\/strong><span style=\"line-height: 1.5em;\">. \u00bfC\u00f3mo? Se puede \u201ccontribuir con conocimientos y habilidades a enriquecer la educaci\u00f3n p\u00fablica con actividades culturales y conversaciones con estudiantes y educadores\u201d, explican en su folleto <\/span><a style=\"line-height: 1.5em;\" href=\"http:\/\/www.carlosmontes.cl\/senador\/nueva-educacion-publica-de-calidad\/\" target=\"_blank\">Hacia una nueva educaci\u00f3n p\u00fablica de calidad<\/a><span style=\"line-height: 1.5em;\">.<\/span><\/p>\n<p style=\"text-align: justify;\"><img loading=\"lazy\" class=\"alignright  wp-image-740\" alt=\"14.08.22 CONCEJAL ARREDONDO EN COLEGIO CAPIT\u00c1N PASTENE (8)\" src=\"http:\/\/www.carlosmontes.cl\/senador\/wp-content\/uploads\/2014\/08\/14.08.22-CONCEJAL-ARREDONDO-EN-COLEGIO-CAPIT\u00c1N-PASTENE-8.jpeg\" width=\"296\" height=\"222\" srcset=\"https:\/\/www.carlosmontes.cl\/senador\/wp-content\/uploads\/2014\/08\/14.08.22-CONCEJAL-ARREDONDO-EN-COLEGIO-CAPIT\u00c1N-PASTENE-8.jpeg 3264w, https:\/\/www.carlosmontes.cl\/senador\/wp-content\/uploads\/2014\/08\/14.08.22-CONCEJAL-ARREDONDO-EN-COLEGIO-CAPIT\u00c1N-PASTENE-8-300x225.jpeg 300w, https:\/\/www.carlosmontes.cl\/senador\/wp-content\/uploads\/2014\/08\/14.08.22-CONCEJAL-ARREDONDO-EN-COLEGIO-CAPIT\u00c1N-PASTENE-8-1024x768.jpeg 1024w\" sizes=\"(max-width: 296px) 100vw, 296px\" \/>La subcomisario Valenzuela convers\u00f3 con j\u00f3venes de 3\u00b0 y 4\u00b0 medio. Al d\u00eda siguiente el actor y concejal por La Florida,<strong> Claudio Arredondo<\/strong> dialog\u00f3 con alumnos de 7\u00b0 y 8\u00b0 b\u00e1sico del <strong>colegio<\/strong> <strong>Capit\u00e1n Pastene<\/strong>. \u201cEs fundamental para el oficio de actor aprender a escucharnos los unos a los otros\u201d, coment\u00f3 el concejal.<\/p>\n<p style=\"text-align: justify;\">Al <strong>colegio<\/strong> <strong>Los Cerezos<\/strong> lleg\u00f3 <strong>Sim\u00f3n Accorsi,<\/strong> ingeniero comercial, acad\u00e9mico de la Universidad de Chile y esgrimista. Comparti\u00f3 su experiencia con alumnos, tambi\u00e9n, de 7\u00b0 y 8\u00b0 b\u00e1sico. Accorsi en las ma\u00f1anas trabaja en la Escuela de Derecho de la U. de Chile y en las tarde es profesor de esgrima. Una de las preguntas que se conversaron en la sala fue c\u00f3mo hacer para que el colegio no sea s\u00f3lo para el estudio de las cuestiones formales, sino que sume, adem\u00e1s, otras disciplinas deportivas, de las artes, de desarrollo personal.<\/p>\n<p style=\"text-align: justify;\">Tambi\u00e9n vinculado al mundo del arte fue el encuentro de <strong>Luis Duque <\/strong>con alumnos del<strong> colegio Los Nav\u00edos<\/strong>. Duque que bailar\u00edn, core\u00f3grafo y director art\u00edstico de <a href=\"http:\/\/www.ballet.cl\/\" target=\"_blank\">BAM<\/a>. Llam\u00f3 a los muchachos a \u201cjug\u00e1rselas por hacer lo que te gusta\u201d.\u00a0 En ese di\u00e1logo, la presidenta del centro de alumnos del colegio, una chica que cursa 4\u00b0 b\u00e1sico, cont\u00f3: \u201cQuiero ser profesora. Mis pap\u00e1s me dicen que no voy a ganar plata. Pero no me importa porque no voy a desistir de mi sue\u00f1o\u201d.<\/p>\n<p style=\"text-align: justify;\"><img loading=\"lazy\" class=\"aligncenter size-full wp-image-746\" alt=\"14.08.26 LUIS DUQUE LOS NAV\u00cdOS (5)\" src=\"http:\/\/www.carlosmontes.cl\/senador\/wp-content\/uploads\/2014\/08\/14.08.26-LUIS-DUQUE-LOS-NAV\u00cdOS-5.jpeg\" width=\"641\" height=\"371\" srcset=\"https:\/\/www.carlosmontes.cl\/senador\/wp-content\/uploads\/2014\/08\/14.08.26-LUIS-DUQUE-LOS-NAV\u00cdOS-5.jpeg 641w, https:\/\/www.carlosmontes.cl\/senador\/wp-content\/uploads\/2014\/08\/14.08.26-LUIS-DUQUE-LOS-NAV\u00cdOS-5-300x173.jpeg 300w, https:\/\/www.carlosmontes.cl\/senador\/wp-content\/uploads\/2014\/08\/14.08.26-LUIS-DUQUE-LOS-NAV\u00cdOS-5-590x340.jpeg 590w\" sizes=\"(max-width: 641px) 100vw, 641px\" \/><\/p>\n","protected":false},"excerpt":{"rendered":"<p>Con la visita de la subcomisaria Loreto Valenzuela de la Polic\u00eda de Investigaciones al colegio Indira Gandhi se inici\u00f3 el jueves 21 de agosto el ciclo de Charlas Educativas en La Florida, en la que profesionales comparten su experiencia con alumnos de colegios municipales. <\/p>\n","protected":false},"author":3,"featured_media":745,"comment_status":"open","ping_status":"open","sticky":false,"template":"","format":"standard","meta":[],"categories":[2],"tags":[205,75,207,24,82,252],"_links":{"self":[{"href":"https:\/\/www.carlosmontes.cl\/senador\/wp-json\/wp\/v2\/posts\/739"}],"collection":[{"href":"https:\/\/www.carlosmontes.cl\/senador\/wp-json\/wp\/v2\/posts"}],"about":[{"href":"https:\/\/www.carlosmontes.cl\/senador\/wp-json\/wp\/v2\/types\/post"}],"author":[{"embeddable":true,"href":"https:\/\/www.carlosmontes.cl\/senador\/wp-json\/wp\/v2\/users\/3"}],"replies":[{"embeddable":true,"href":"https:\/\/www.carlosmontes.cl\/senador\/wp-json\/wp\/v2\/comments?post=739"}],"version-history":[{"count":5,"href":"https:\/\/www.carlosmontes.cl\/senador\/wp-json\/wp\/v2\/posts\/739\/revisions"}],"predecessor-version":[{"id":748,"href":"https:\/\/www.carlosmontes.cl\/senador\/wp-json\/wp\/v2\/posts\/739\/revisions\/748"}],"wp:featuredmedia":[{"embeddable":true,"href":"https:\/\/www.carlosmontes.cl\/senador\/wp-json\/wp\/v2\/media\/745"}],"wp:attachment":[{"href":"https:\/\/www.carlosmontes.cl\/senador\/wp-json\/wp\/v2\/media?parent=739"}],"wp:term":[{"taxonomy":"category","embeddable":true,"href":"https:\/\/www.carlosmontes.cl\/senador\/wp-json\/wp\/v2\/categories?post=739"},{"taxonomy":"post_tag","embeddable":true,"href":"https:\/\/www.carlosmontes.cl\/senador\/wp-json\/wp\/v2\/tags?post=739"}],"curies":[{"name":"wp","href":"https:\/\/api.w.org\/{rel}","templated":true}]}}