{"id":667,"date":"2014-08-25T23:02:41","date_gmt":"2014-08-26T03:02:41","guid":{"rendered":"http:\/\/www.carlosmontes.cl\/senador\/?p=667"},"modified":"2014-08-26T11:09:07","modified_gmt":"2014-08-26T15:09:07","slug":"minvu-debe-tener-mas-recursos-para-probar-nuevas-politicas-de-vivienda","status":"publish","type":"post","link":"https:\/\/www.carlosmontes.cl\/senador\/minvu-debe-tener-mas-recursos-para-probar-nuevas-politicas-de-vivienda\/","title":{"rendered":"MINVU debe tener m\u00e1s recursos para probar nuevas pol\u00edticas de vivienda."},"content":{"rendered":"<p style=\"text-align: justify;\"><em>(Foto: Pablo Contrucci, Jefe de la Divisi\u00f3n de Desarrollo Urbano del Minvu; Francisco Sabatini y Mariana Fulgueiras, acad\u00e9micos de la PUC; Paulina Saball, Ministra de Vivienda; senador Carlos Montes; y Javier Hurtado Gerente de Estudios de la CChC | FOTO: Gonzalo L\u00f3pez, Ministerio de Vivienda).<\/em><\/p>\n<p style=\"text-align: justify;\"><b>En un seminario organizado por el Centro de Pol\u00edticas P\u00fablicas UC el Senador habl\u00f3 de nuevas modalidades para la participaci\u00f3n del Estado en el mercado inmobiliario. Pidi\u00f3 asumir un rol activo en pensar las ciudades y destac\u00f3 el aporte de la academia para enriquecer el debate para los actores involucrados.<\/b><\/p>\n<p style=\"text-align: justify;\">El senador Montes particip\u00f3 del seminario <a href=\"http:\/\/politicaspublicas.uc.cl\/agenda\/ver_evento\/84\" target=\"_blank\"><em>Retos de la vivienda social en Chile<\/em> organizado por el Centro UC de Pol\u00edticas P\u00fablicas<\/a>, en el que los acad\u00e9micos Francisco Sabatini y Mariana Fulgueiras presentaron un trabajo sobre la \u201cconfluencia entre la pol\u00edtica habitacional y el desarrollo urbano\u201d. El parlamentario<strong> destac\u00f3 la investigaci\u00f3n para elevar y avanzar en el debate de temas de ciudad y vivienda<\/strong>, toda vez que \u201chay una necesidad de m\u00e1s elementos de an\u00e1lisis para los actores pol\u00edticos y sociales\u201d, explic\u00f3.<\/p>\n<p style=\"text-align: justify;\">Puso como ejemplo Santiago, <strong>una ciudad donde se ha construido con gran intensidad pero que, seg\u00fan datos de la OCDE, es una de las m\u00e1s desintegradas de Am\u00e9rica<\/strong>. \u201cLa clave del problema es que la renta del suelo est\u00e1 determinando para d\u00f3nde se camina en construir ciudad\u201d, explic\u00f3 el Senador. \u201cDe este trabajo surge una conclusi\u00f3n clara: <strong>hay que reconstruir el Estado en el \u00e1rea vivienda<\/strong>. Tenemos un sector privado potente, con empresas y organizaci\u00f3n con mucha fuerza. Pero necesitamos un sector p\u00fablico que pueda estar a la altura de los desaf\u00edos\u201d.<\/p>\n<p style=\"text-align: justify;\">En este sentido,<strong> llam\u00f3 a fortalecer el Ministerio de Vivienda con miras a la discusi\u00f3n presupuestaria de 2015<\/strong>: \u201cEl Ministerio de Vivienda debe tener recursos para probar un modelo en el que compre un terreno, seleccione profesionales para dise\u00f1ar un buen proyecto de vivienda, llamar a los privados que lo construyan y luego analizar sus efectos en la demanda\u201d, se\u00f1al\u00f3. \u201cEste es un sistema mixto, por subsidios y construcci\u00f3n directa, en el que el Estado pueda probar nuevas modalidades de pol\u00edticas habitacionales\u201d.<\/p>\n<p style=\"text-align: justify;\">Finalmente, recalc\u00f3 que <strong>es imprescindible tener un gobierno metropolitano<\/strong> que articule el conjunto de necesidades de una ciudad y la pol\u00edtica habitacional: \u201cAl mismo tiempo, es imprescindible definir el rol de los municipios en todo esto\u201d, termin\u00f3.<\/p>\n","protected":false},"excerpt":{"rendered":"<p>En un seminario organizado por el Centro de Pol\u00edticas P\u00fablicas UC el Senador habl\u00f3 de nuevas modalidades para la participaci\u00f3n del Estado en el mercado inmobiliario. Pidi\u00f3 asumir un rol activo en pensar las ciudades y destac\u00f3 el aporte de la academia para enriquecer el debate en la materia.<\/p>\n","protected":false},"author":2,"featured_media":671,"comment_status":"open","ping_status":"open","sticky":false,"template":"","format":"standard","meta":[],"categories":[11,2],"tags":[273,403,402,401,92,87,400,107,399,261,339,45,397,259,115,398,198,42],"_links":{"self":[{"href":"https:\/\/www.carlosmontes.cl\/senador\/wp-json\/wp\/v2\/posts\/667"}],"collection":[{"href":"https:\/\/www.carlosmontes.cl\/senador\/wp-json\/wp\/v2\/posts"}],"about":[{"href":"https:\/\/www.carlosmontes.cl\/senador\/wp-json\/wp\/v2\/types\/post"}],"author":[{"embeddable":true,"href":"https:\/\/www.carlosmontes.cl\/senador\/wp-json\/wp\/v2\/users\/2"}],"replies":[{"embeddable":true,"href":"https:\/\/www.carlosmontes.cl\/senador\/wp-json\/wp\/v2\/comments?post=667"}],"version-history":[{"count":3,"href":"https:\/\/www.carlosmontes.cl\/senador\/wp-json\/wp\/v2\/posts\/667\/revisions"}],"predecessor-version":[{"id":672,"href":"https:\/\/www.carlosmontes.cl\/senador\/wp-json\/wp\/v2\/posts\/667\/revisions\/672"}],"wp:featuredmedia":[{"embeddable":true,"href":"https:\/\/www.carlosmontes.cl\/senador\/wp-json\/wp\/v2\/media\/671"}],"wp:attachment":[{"href":"https:\/\/www.carlosmontes.cl\/senador\/wp-json\/wp\/v2\/media?parent=667"}],"wp:term":[{"taxonomy":"category","embeddable":true,"href":"https:\/\/www.carlosmontes.cl\/senador\/wp-json\/wp\/v2\/categories?post=667"},{"taxonomy":"post_tag","embeddable":true,"href":"https:\/\/www.carlosmontes.cl\/senador\/wp-json\/wp\/v2\/tags?post=667"}],"curies":[{"name":"wp","href":"https:\/\/api.w.org\/{rel}","templated":true}]}}