{"id":657,"date":"2014-08-23T09:26:50","date_gmt":"2014-08-23T13:26:50","guid":{"rendered":"http:\/\/www.carlosmontes.cl\/senador\/?p=657"},"modified":"2014-08-23T17:47:03","modified_gmt":"2014-08-23T21:47:03","slug":"tenemos-que-movilizar-hoy-dia-no-manana-hoy-todas-las-capacidades-que-hay-al-interior-de-los-colegios","status":"publish","type":"post","link":"https:\/\/www.carlosmontes.cl\/senador\/tenemos-que-movilizar-hoy-dia-no-manana-hoy-todas-las-capacidades-que-hay-al-interior-de-los-colegios\/","title":{"rendered":"\u201cTenemos que movilizar hoy d\u00eda, no ma\u00f1ana, hoy, todas las capacidades que hay al interior de los colegios\u201d."},"content":{"rendered":"<p style=\"text-align: justify;\"><b>En su participaci\u00f3n en un foro organizado por Confepa el parlamentario present\u00f3 los ejes de la reforma educacional. Adem\u00e1s llam\u00f3 poner urgencia en distintas acciones para fortalecer hoy la educaci\u00f3n p\u00fablica.<\/b><\/p>\n<p style=\"text-align: justify;\">En el marco del <a href=\"http:\/\/www.salondelaeducacion.cl\/\" target=\"_blank\">7\u00b0 Sal\u00f3n Internacional de la Educaci\u00f3n<\/a>\u00a0el senador Montes particip\u00f3 de un foro organizado por <a href=\"http:\/\/www.confepa.cl\/\" target=\"_blank\">Confepa<\/a>, junto a los senadores Ignacio Walker y Andr\u00e9s Allamand, y el diputado Jaime Bellolio. Explic\u00f3 <strong>la convicci\u00f3n de la Nueva Mayor\u00eda de cambiar el paradigma sobre el que se funda el modelo educacional<\/strong>: \u201cEsto es, pensar la educaci\u00f3n como un parte de un mercado, y en esto a nadie queremos enga\u00f1ar\u201d, se\u00f1al\u00f3.<\/p>\n<p style=\"text-align: justify;\">Pidi\u00f3 que los <strong>colegios particulares subvencionados volvieran a su rol hist\u00f3rico como colaboradores de un proyecto educativo del pa\u00eds<\/strong>: \u201cUn rol que en un modelo de mercado, que los obliga a competir, y que no s\u00f3lo afecta la supervivencia de la educaci\u00f3n p\u00fablica, sino tambi\u00e9n la de la subvencionada\u201d, a\u00f1adi\u00f3.<\/p>\n<p style=\"text-align: justify;\">Llam\u00f3 a <strong>trabajar por construir una nueva educaci\u00f3n p\u00fablica para Chile<\/strong>: \u201cTenemos que movilizar hoy d\u00eda, no ma\u00f1ana, hoy, todas las capacidades que hay al interior de los colegios, todas las potencialidades para que los ni\u00f1os aprendan m\u00e1s\u201d.<\/p>\n<p style=\"text-align: justify;\">\u201cReducir el tama\u00f1o de los cursos no es de ma\u00f1ana, es de ahora y hay recursos para hacerlo. Tambi\u00e9n, las horas no lectivas para que los profesores preparen las clases. Que los ni\u00f1os tengan m\u00e1s deportes, m\u00e1s cultura, una formaci\u00f3n m\u00e1s integral es, tambi\u00e9n, para resolverlo ahora. Que haya administradores para los colegios y que los directores se preocupen de la educaci\u00f3n y no de otras cuestiones. Y cuando tenemos 700 mil ni\u00f1os que desertan del sistema escolar, es ahora que tenemos que solucionar este problema\u201d.<\/p>\n<p style=\"text-align: justify;\">Respecto del lucro, coment\u00f3 que solicit\u00f3 a la Superintendencia de Educaci\u00f3n para que entregue un balance detallado de ingresos y gastos en todos los colegios subvencionados y conocer las utilidades reales de los colegios: \u201cLo ped\u00ed el a\u00f1o pasado pero no se cumpli\u00f3 esta ley\u201d.<\/p>\n","protected":false},"excerpt":{"rendered":"<p>En su participaci\u00f3n en un foro organizado por Confepa el parlamentario present\u00f3 los ejes de la reforma educacional. Adem\u00e1s llam\u00f3 poner urgencia en distintas acciones para fortalecer hoy la educaci\u00f3n p\u00fablica.<\/p>\n","protected":false},"author":2,"featured_media":665,"comment_status":"open","ping_status":"open","sticky":false,"template":"","format":"standard","meta":[],"categories":[7,2],"tags":[74,209,72,394,258,18,205,75,207,215,214,82,95,252,216,396],"_links":{"self":[{"href":"https:\/\/www.carlosmontes.cl\/senador\/wp-json\/wp\/v2\/posts\/657"}],"collection":[{"href":"https:\/\/www.carlosmontes.cl\/senador\/wp-json\/wp\/v2\/posts"}],"about":[{"href":"https:\/\/www.carlosmontes.cl\/senador\/wp-json\/wp\/v2\/types\/post"}],"author":[{"embeddable":true,"href":"https:\/\/www.carlosmontes.cl\/senador\/wp-json\/wp\/v2\/users\/2"}],"replies":[{"embeddable":true,"href":"https:\/\/www.carlosmontes.cl\/senador\/wp-json\/wp\/v2\/comments?post=657"}],"version-history":[{"count":3,"href":"https:\/\/www.carlosmontes.cl\/senador\/wp-json\/wp\/v2\/posts\/657\/revisions"}],"predecessor-version":[{"id":666,"href":"https:\/\/www.carlosmontes.cl\/senador\/wp-json\/wp\/v2\/posts\/657\/revisions\/666"}],"wp:featuredmedia":[{"embeddable":true,"href":"https:\/\/www.carlosmontes.cl\/senador\/wp-json\/wp\/v2\/media\/665"}],"wp:attachment":[{"href":"https:\/\/www.carlosmontes.cl\/senador\/wp-json\/wp\/v2\/media?parent=657"}],"wp:term":[{"taxonomy":"category","embeddable":true,"href":"https:\/\/www.carlosmontes.cl\/senador\/wp-json\/wp\/v2\/categories?post=657"},{"taxonomy":"post_tag","embeddable":true,"href":"https:\/\/www.carlosmontes.cl\/senador\/wp-json\/wp\/v2\/tags?post=657"}],"curies":[{"name":"wp","href":"https:\/\/api.w.org\/{rel}","templated":true}]}}