{"id":643,"date":"2014-08-14T13:33:34","date_gmt":"2014-08-14T17:33:34","guid":{"rendered":"http:\/\/www.carlosmontes.cl\/senador\/?p=643"},"modified":"2014-08-14T13:33:34","modified_gmt":"2014-08-14T17:33:34","slug":"senador-montes-se-abstiene-en-votacion-de-credito-iva-a-la-construccion","status":"publish","type":"post","link":"https:\/\/www.carlosmontes.cl\/senador\/senador-montes-se-abstiene-en-votacion-de-credito-iva-a-la-construccion\/","title":{"rendered":"Senador Montes se abstiene en votaci\u00f3n de cr\u00e9dito IVA a la construcci\u00f3n."},"content":{"rendered":"<div>Luego de votar a favor los art\u00edculos sobre el impuesto al tabaco, el legislador se abstuvo en la votaci\u00f3n del cr\u00e9dito IVA referido al rubro construcci\u00f3n e inmobiliario.<\/div>\n<p>Respecto de estas normas, el senador Montes explic\u00f3 su voto, en primer lugar, porque su implementaci\u00f3n se diferir\u00e1, en forma gradual, por tres a\u00f1os, lo que a su juicio mantiene una franquicia que resulta excesiva.<\/p>\n<p>\u00abDe este modo, reci\u00e9n el 2017 entrar\u00e1 en r\u00e9gimen el l\u00edmite para viviendas de hasta de 2.000 UF valor de construcci\u00f3n, lo que significa que durante el pr\u00f3ximo a\u00f1o se acoger\u00e1n a este beneficio \u00a0inmuebles con un precio de venta de hasta 8.000 UF y el 2016 con un valor que puede acercarse a las 6000 UF\u00bb &#8211; recalc\u00f3.<\/p>\n<p>Por otro lado, sostuvo que el subsidio de 225 UF seguir\u00e1 siendo administrado por las empresas en vez de que sea su destinatario qui\u00e9n disponga de \u00e9l.<\/p>\n<p>\u201cSe puede dar, como ocurre hoy en algunos casos, que el traspaso de este cr\u00e9dito al comprador final sea incierto y dependa del segmento de vivienda de que se trate\u201d &#8211; precis\u00f3.<\/p>\n<p>El parlamentario PS culmin\u00f3 manifestando que, como lo propuso en una indicaci\u00f3n que no fue considerada, en esta materia lo m\u00e1s transparente y eficiente ser\u00eda transformar esta franquicia en un subsidio directo a las familias que adquieran viviendas de hasta 2000 UF que sea aplicable como pi\u00e9 al momento de su adquisici\u00f3n.<\/p>\n","protected":false},"excerpt":{"rendered":"<p>Luego de votar a favor los art\u00edculos sobre el impuesto al tabaco, el legislador se abstuvo en la votaci\u00f3n del cr\u00e9dito IVA referido al rubro construcci\u00f3n e inmobiliario. Respecto de estas normas, el senador Montes explic\u00f3 su voto, en primer lugar, porque su implementaci\u00f3n se diferir\u00e1, en forma gradual, por tres a\u00f1os, lo que a &hellip;<\/p>\n","protected":false},"author":2,"featured_media":644,"comment_status":"open","ping_status":"open","sticky":false,"template":"","format":"standard","meta":[],"categories":[11,2,8],"tags":[26,293,386,92,291,95,296,259,384,112,236,385,42],"_links":{"self":[{"href":"https:\/\/www.carlosmontes.cl\/senador\/wp-json\/wp\/v2\/posts\/643"}],"collection":[{"href":"https:\/\/www.carlosmontes.cl\/senador\/wp-json\/wp\/v2\/posts"}],"about":[{"href":"https:\/\/www.carlosmontes.cl\/senador\/wp-json\/wp\/v2\/types\/post"}],"author":[{"embeddable":true,"href":"https:\/\/www.carlosmontes.cl\/senador\/wp-json\/wp\/v2\/users\/2"}],"replies":[{"embeddable":true,"href":"https:\/\/www.carlosmontes.cl\/senador\/wp-json\/wp\/v2\/comments?post=643"}],"version-history":[{"count":1,"href":"https:\/\/www.carlosmontes.cl\/senador\/wp-json\/wp\/v2\/posts\/643\/revisions"}],"predecessor-version":[{"id":645,"href":"https:\/\/www.carlosmontes.cl\/senador\/wp-json\/wp\/v2\/posts\/643\/revisions\/645"}],"wp:featuredmedia":[{"embeddable":true,"href":"https:\/\/www.carlosmontes.cl\/senador\/wp-json\/wp\/v2\/media\/644"}],"wp:attachment":[{"href":"https:\/\/www.carlosmontes.cl\/senador\/wp-json\/wp\/v2\/media?parent=643"}],"wp:term":[{"taxonomy":"category","embeddable":true,"href":"https:\/\/www.carlosmontes.cl\/senador\/wp-json\/wp\/v2\/categories?post=643"},{"taxonomy":"post_tag","embeddable":true,"href":"https:\/\/www.carlosmontes.cl\/senador\/wp-json\/wp\/v2\/tags?post=643"}],"curies":[{"name":"wp","href":"https:\/\/api.w.org\/{rel}","templated":true}]}}