{"id":581,"date":"2014-07-19T10:03:22","date_gmt":"2014-07-19T14:03:22","guid":{"rendered":"http:\/\/www.carlosmontes.cl\/senador\/?p=581"},"modified":"2014-07-21T16:38:45","modified_gmt":"2014-07-21T20:38:45","slug":"senador-carlos-montes-en-entrevista-con-tomas-mosciatti-en-cnnchile","status":"publish","type":"post","link":"https:\/\/www.carlosmontes.cl\/senador\/senador-carlos-montes-en-entrevista-con-tomas-mosciatti-en-cnnchile\/","title":{"rendered":"Senador Carlos Montes en entrevista con Tom\u00e1s Mosciatti en CNN Chile."},"content":{"rendered":"<p style=\"text-align: justify;\">\u00abNo soy chef, ni siquiera voy a las onces con galletitas\u00bb, se\u00f1al\u00f3 <a href=\"http:\/\/youtu.be\/C8Y6zBXr8GA?t=24m40s\" target=\"_blank\">el senador Carlos Montes al ser consultado, en entrevista con Tom\u00e1s Mosciatti<\/a>, sobre su participaci\u00f3n en reuniones particulares, en el marco del acuerdo por la reforma tributaria, agregando su malestar por la forma en que \u00e9ste se gest\u00f3 y c\u00f3mo se present\u00f3 al pa\u00eds. \u00abA mi no me gust\u00f3 nada\u00bb -insisti\u00f3 el legislador del PS.<\/p>\n<p style=\"text-align: justify;\">Rescat\u00f3 como valioso el proceso de discusi\u00f3n, con amplia participaci\u00f3n, que hubo en la Comisi\u00f3n de Hacienda de la C\u00e1mara Alta y que se haya concordado con la oposici\u00f3n en el objetivo de recaudaci\u00f3n y en el fin del FUT, aunque recalc\u00f3 que este es una \u00abprimera estaci\u00f3n\u00bb y que resta el debate particular, donde a su juicio, el \u00e9nfasis debe estar puesto en <a title=\"Debemos cerrar forados\" href=\"http:\/\/www.carlosmontes.cl\/senador\/debemos-cerrar-todos-los-forados-que-permiten-la-evasion-y-elusion\/\" target=\"_blank\">cerrar los forados que permiten la evasi\u00f3n y elusi\u00f3n.<\/a><\/p>\n<p style=\"text-align: justify;\">\u00abSi esto no lo cerramos el proyecto no es bueno y si los cerramos puede ser un gran proyecto para este pa\u00eds\u00bb, recalc\u00f3.<\/p>\n<p style=\"text-align: justify;\">Respecto de la reforma educacional Montes record\u00f3 la instauraci\u00f3n durante la Dictadura de un modelo educacional de mercado, donde se \u00abecharon a competir\u00bb los colegios con un claro perjuicio para la educaci\u00f3n p\u00fablica.<\/p>\n<p style=\"text-align: justify;\">Para el parlamentario por Santiguo Sur Oriente el coraz\u00f3n de la reforma es generar una nueva educaci\u00f3n p\u00fablica, pero simult\u00e1neamente se debe avanzar para cambiar la l\u00f3gica de mercado y reenfocar el trabajo de las aulas, revisando el concepto de educaci\u00f3n. \u00abLo central son los ni\u00f1os\u00bb, sostuvo, destacando que es necesario retomar la educaci\u00f3n como un proceso integral de formaci\u00f3n de personas y no una mera preparaci\u00f3n para pruebas como el SIMCE.<\/p>\n<p><a href=\"http:\/\/youtu.be\/C8Y6zBXr8GA?t=24m42s\" target=\"_blank\"><img loading=\"lazy\" class=\"aligncenter size-full wp-image-590\" alt=\"YOUTUBE ENTRVISTA CNN CHILE\" src=\"http:\/\/www.carlosmontes.cl\/senador\/wp-content\/uploads\/2014\/07\/YOUTUBE-ENTRVISTA-CNN-CHILE.png\" width=\"580\" height=\"353\" srcset=\"https:\/\/www.carlosmontes.cl\/senador\/wp-content\/uploads\/2014\/07\/YOUTUBE-ENTRVISTA-CNN-CHILE.png 580w, https:\/\/www.carlosmontes.cl\/senador\/wp-content\/uploads\/2014\/07\/YOUTUBE-ENTRVISTA-CNN-CHILE-300x182.png 300w, https:\/\/www.carlosmontes.cl\/senador\/wp-content\/uploads\/2014\/07\/YOUTUBE-ENTRVISTA-CNN-CHILE-80x50.png 80w\" sizes=\"(max-width: 580px) 100vw, 580px\" \/><\/a><\/p>\n","protected":false},"excerpt":{"rendered":"<p>\u00abNo soy chef, ni siquiera voy a las onces con galletitas\u00bb, se\u00f1al\u00f3 el senador Carlos Montes al ser consultado, en entrevista con Tom\u00e1s Mosciatti, sobre su participaci\u00f3n en reuniones particulares, en el marco del acuerdo por la reforma tributaria, agregando su malestar por la forma en que \u00e9ste se gest\u00f3 y c\u00f3mo se present\u00f3 al pa\u00eds. \u00abA mi no me gust\u00f3 nada\u00bb, insisti\u00f3 el legislador del PS.<\/p>\n","protected":false},"author":2,"featured_media":587,"comment_status":"open","ping_status":"open","sticky":false,"template":"","format":"standard","meta":[],"categories":[7,2,8],"tags":[324,74,209,19,18,325,326,331,323,263,214,308,332,82,71,27,95,216,112,330],"_links":{"self":[{"href":"https:\/\/www.carlosmontes.cl\/senador\/wp-json\/wp\/v2\/posts\/581"}],"collection":[{"href":"https:\/\/www.carlosmontes.cl\/senador\/wp-json\/wp\/v2\/posts"}],"about":[{"href":"https:\/\/www.carlosmontes.cl\/senador\/wp-json\/wp\/v2\/types\/post"}],"author":[{"embeddable":true,"href":"https:\/\/www.carlosmontes.cl\/senador\/wp-json\/wp\/v2\/users\/2"}],"replies":[{"embeddable":true,"href":"https:\/\/www.carlosmontes.cl\/senador\/wp-json\/wp\/v2\/comments?post=581"}],"version-history":[{"count":6,"href":"https:\/\/www.carlosmontes.cl\/senador\/wp-json\/wp\/v2\/posts\/581\/revisions"}],"predecessor-version":[{"id":591,"href":"https:\/\/www.carlosmontes.cl\/senador\/wp-json\/wp\/v2\/posts\/581\/revisions\/591"}],"wp:featuredmedia":[{"embeddable":true,"href":"https:\/\/www.carlosmontes.cl\/senador\/wp-json\/wp\/v2\/media\/587"}],"wp:attachment":[{"href":"https:\/\/www.carlosmontes.cl\/senador\/wp-json\/wp\/v2\/media?parent=581"}],"wp:term":[{"taxonomy":"category","embeddable":true,"href":"https:\/\/www.carlosmontes.cl\/senador\/wp-json\/wp\/v2\/categories?post=581"},{"taxonomy":"post_tag","embeddable":true,"href":"https:\/\/www.carlosmontes.cl\/senador\/wp-json\/wp\/v2\/tags?post=581"}],"curies":[{"name":"wp","href":"https:\/\/api.w.org\/{rel}","templated":true}]}}