{"id":516,"date":"2014-06-16T13:20:21","date_gmt":"2014-06-16T17:20:21","guid":{"rendered":"http:\/\/www.carlosmontes.cl\/senador\/?p=516"},"modified":"2014-06-16T15:16:59","modified_gmt":"2014-06-16T19:16:59","slug":"senador-montes-manifesto-preocupacion-por-solucion-a-subsidios-a-sectores-vulnerables-y-emergentes-entregados-en-gobierno-pasado","status":"publish","type":"post","link":"https:\/\/www.carlosmontes.cl\/senador\/senador-montes-manifesto-preocupacion-por-solucion-a-subsidios-a-sectores-vulnerables-y-emergentes-entregados-en-gobierno-pasado\/","title":{"rendered":"Senador Montes manifest\u00f3 preocupaci\u00f3n por subsidios habitacionales entregados por gobierno anterior"},"content":{"rendered":"<p style=\"text-align: justify;\"><strong>En la fr\u00eda ma\u00f1ana en la Estaci\u00f3n Mapocho del s\u00e1bado 14 de junio, el Senador Carlos Montes, respondiendo a la invitaci\u00f3n de la Ministra de Vivienda, Paulina Saball, la acompa\u00f1\u00f3 en la entrega de subsidios habitacionales para la clase media.<\/strong><\/p>\n<p style=\"text-align: justify;\">El Parlamentario aprovech\u00f3 de destacar la necesidad de <strong>hacerse cargo de los m\u00e1s de 50 mil subsidios<\/strong> \u2013algunos expertos se\u00f1alan 100 mil- entregados en la administraci\u00f3n anterior: \u201cEl cambio en las modalidades de entrega de subsidios habitacionales aplicadas en el gobierno pasado no enfrentan el d\u00e9ficit habitacional, pues muchos beneficiarios no encuentran oferta de viviendas en las que aplicarlos\u201d.<\/p>\n<p style=\"text-align: justify;\">Llam\u00f3 a buscar nuevas <strong>f\u00f3rmulas que permitan estimular la construcci\u00f3n de viviendas para sectores vulnerables y emergentes<\/strong>: \u201cTenemos que agilizar las soluciones, tanto para enfrentar esa demanda insatisfecha de los postulantes a los programas de vivienda y, tambi\u00e9n, para quienes esperan soluciones habitacionales entregados en d\u00e9cadas pasadas y que est\u00e1n en mal estado\u201d, explic\u00f3.<\/p>\n<p style=\"text-align: justify;\">En la ceremonia tambi\u00e9n participaron la Ministra Directora del Sernam, Claudia Pascal; el Intendente de Santiago, Claudio Orrego; los diputados Karol Cariola, Daniel Farcas y Jos\u00e9 Auth; el subsecretario de Vivienda y Urbanismo, Jaime Romero; Tambi\u00e9n estuvieron presentes la Gobernadora de Melipilla, Cristina Soto, y los alcaldes de Pudahuel, Johny Carrasco; de Independencia, Gonzalo Dur\u00e1n; de Recoleta, Daniel Jadue; y de Lo Espejo, Miguel \u00c1ngel Bruna.<\/p>\n","protected":false},"excerpt":{"rendered":"<p>En la fr\u00eda ma\u00f1ana en la Estaci\u00f3n Mapocho del s\u00e1bado 14 de junio, el Senador Carlos Montes, respondiendo a la invitaci\u00f3n de la Ministra de Vivienda, Paulina Saball, la acompa\u00f1\u00f3 en la entrega de subsidios habitacionales para la clase media. El Parlamentario aprovech\u00f3 de destacar la necesidad de hacerse cargo de los m\u00e1s de 50 &hellip;<\/p>\n","protected":false},"author":2,"featured_media":517,"comment_status":"open","ping_status":"open","sticky":false,"template":"","format":"standard","meta":[],"categories":[11,2],"tags":[32,309,45,259,42],"_links":{"self":[{"href":"https:\/\/www.carlosmontes.cl\/senador\/wp-json\/wp\/v2\/posts\/516"}],"collection":[{"href":"https:\/\/www.carlosmontes.cl\/senador\/wp-json\/wp\/v2\/posts"}],"about":[{"href":"https:\/\/www.carlosmontes.cl\/senador\/wp-json\/wp\/v2\/types\/post"}],"author":[{"embeddable":true,"href":"https:\/\/www.carlosmontes.cl\/senador\/wp-json\/wp\/v2\/users\/2"}],"replies":[{"embeddable":true,"href":"https:\/\/www.carlosmontes.cl\/senador\/wp-json\/wp\/v2\/comments?post=516"}],"version-history":[{"count":4,"href":"https:\/\/www.carlosmontes.cl\/senador\/wp-json\/wp\/v2\/posts\/516\/revisions"}],"predecessor-version":[{"id":521,"href":"https:\/\/www.carlosmontes.cl\/senador\/wp-json\/wp\/v2\/posts\/516\/revisions\/521"}],"wp:featuredmedia":[{"embeddable":true,"href":"https:\/\/www.carlosmontes.cl\/senador\/wp-json\/wp\/v2\/media\/517"}],"wp:attachment":[{"href":"https:\/\/www.carlosmontes.cl\/senador\/wp-json\/wp\/v2\/media?parent=516"}],"wp:term":[{"taxonomy":"category","embeddable":true,"href":"https:\/\/www.carlosmontes.cl\/senador\/wp-json\/wp\/v2\/categories?post=516"},{"taxonomy":"post_tag","embeddable":true,"href":"https:\/\/www.carlosmontes.cl\/senador\/wp-json\/wp\/v2\/tags?post=516"}],"curies":[{"name":"wp","href":"https:\/\/api.w.org\/{rel}","templated":true}]}}