{"id":484,"date":"2014-06-03T18:42:46","date_gmt":"2014-06-03T22:42:46","guid":{"rendered":"http:\/\/www.carlosmontes.cl\/senador\/?p=484"},"modified":"2014-06-03T18:42:46","modified_gmt":"2014-06-03T22:42:46","slug":"senador-montes-asiste-a-inicio-de-discusion-de-reforma-tributaria-en-el-senado","status":"publish","type":"post","link":"https:\/\/www.carlosmontes.cl\/senador\/senador-montes-asiste-a-inicio-de-discusion-de-reforma-tributaria-en-el-senado\/","title":{"rendered":"Senador Montes asiste a inicio de discusi\u00f3n de Reforma Tributaria en el Senado"},"content":{"rendered":"<p>Como miembro de la Comisi\u00f3n de Hacienda de la C\u00e1mara Alta, el senador Carlos Montes particip\u00f3 este lunes y martes en las primeras dos sesiones en que la instancia abord\u00f3 el proyecto de reforma tributaria impulsado por el Gobierno y que ya aprob\u00f3 la C\u00e1mara de Diputados.<\/p>\n<p>En las reuniones, que tuvieron lugar en Santiago y Valpara\u00edso, el Ministro de Hacienda, Alberto Arenas,\u00a0expuso detalladamente los principales aspectos e implicancias de la propuesta y recalc\u00f3 la decisi\u00f3n del Ejecutivo de procurar un aumento de la recaudaci\u00f3n fiscal, una mejor distribuci\u00f3n de la carga tributaria y un perfeccionamiento de los incentivos al ahorro y la inversi\u00f3n.\u00a0(<a title=\"Exposici\u00f3n Alberto Arenas\" href=\"http:\/\/www.carlosmontes.cl\/senador\/wp-content\/uploads\/2014\/06\/20140602_Presentacion_ComisionHacienda_Senado.pdf\" target=\"_blank\">Descargar documento con presentaci\u00f3n<\/a>)<\/p>\n<p>El titular de las finanzas p\u00fablicas fue enf\u00e1tico para descartar potenciales efectos negativos del proyecto en la clase media y las PYME, rebatiendo, con cifras y estudios, diversas acusaciones de la oposici\u00f3n y de entidades gremiales.<\/p>\n","protected":false},"excerpt":{"rendered":"<p>Como miembro de la Comisi\u00f3n de Hacienda de la C\u00e1mara Alta, el senador Carlos Montes particip\u00f3 este lunes y martes en las primeras dos sesiones en que la instancia abord\u00f3 el proyecto de reforma tributaria impulsado por el Gobierno y que ya aprob\u00f3 la C\u00e1mara de Diputados. En las reuniones, que tuvieron lugar en Santiago &hellip;<\/p>\n","protected":false},"author":2,"featured_media":487,"comment_status":"open","ping_status":"open","sticky":false,"template":"","format":"standard","meta":[],"categories":[2,8,1],"tags":[19,289,16,18,17,15,290,236],"_links":{"self":[{"href":"https:\/\/www.carlosmontes.cl\/senador\/wp-json\/wp\/v2\/posts\/484"}],"collection":[{"href":"https:\/\/www.carlosmontes.cl\/senador\/wp-json\/wp\/v2\/posts"}],"about":[{"href":"https:\/\/www.carlosmontes.cl\/senador\/wp-json\/wp\/v2\/types\/post"}],"author":[{"embeddable":true,"href":"https:\/\/www.carlosmontes.cl\/senador\/wp-json\/wp\/v2\/users\/2"}],"replies":[{"embeddable":true,"href":"https:\/\/www.carlosmontes.cl\/senador\/wp-json\/wp\/v2\/comments?post=484"}],"version-history":[{"count":2,"href":"https:\/\/www.carlosmontes.cl\/senador\/wp-json\/wp\/v2\/posts\/484\/revisions"}],"predecessor-version":[{"id":488,"href":"https:\/\/www.carlosmontes.cl\/senador\/wp-json\/wp\/v2\/posts\/484\/revisions\/488"}],"wp:featuredmedia":[{"embeddable":true,"href":"https:\/\/www.carlosmontes.cl\/senador\/wp-json\/wp\/v2\/media\/487"}],"wp:attachment":[{"href":"https:\/\/www.carlosmontes.cl\/senador\/wp-json\/wp\/v2\/media?parent=484"}],"wp:term":[{"taxonomy":"category","embeddable":true,"href":"https:\/\/www.carlosmontes.cl\/senador\/wp-json\/wp\/v2\/categories?post=484"},{"taxonomy":"post_tag","embeddable":true,"href":"https:\/\/www.carlosmontes.cl\/senador\/wp-json\/wp\/v2\/tags?post=484"}],"curies":[{"name":"wp","href":"https:\/\/api.w.org\/{rel}","templated":true}]}}