{"id":431,"date":"2014-05-21T14:28:52","date_gmt":"2014-05-21T18:28:52","guid":{"rendered":"http:\/\/www.carlosmontes.cl\/senador\/?p=431"},"modified":"2014-05-21T14:45:03","modified_gmt":"2014-05-21T18:45:03","slug":"senador-montes-anticipa-criterios-para-discusion-de-reforma-tributaria","status":"publish","type":"post","link":"https:\/\/www.carlosmontes.cl\/senador\/senador-montes-anticipa-criterios-para-discusion-de-reforma-tributaria\/","title":{"rendered":"Senador Montes anticipa criterios para discusi\u00f3n de reforma tributaria."},"content":{"rendered":"<p>El senador Carlos Montes anticip\u00f3 algunas orientaciones y criterios con lo que abordar\u00e1 el proyecto de reforma tributaria como integrante de la Comisi\u00f3n de Hacienda de la C\u00e1mara Alta. Se\u00f1al\u00f3 a El Mercurio que \u00abaspira a que este proyecto sea una manera de generar recursos para las grandes reformas que pretende implementar este Gobierno; y que estos cambios permitan contar con una estructura tributaria lo menos desigual posible.\u00bb<\/p>\n<p>Montes indic\u00f3 que comparte el criterio del Partido Socialista de generar el menor ruido posible a la marcha del proyecto y augur\u00f3 que el texto podr\u00eda ser despachado por el Parlamento en septiembre, antes de iniciarse la discusi\u00f3n presupuestaria. Respecto del contenido, expres\u00f3 su pleno acuerdo, manifestando \u00abEn general estoy satisfecho con el coraz\u00f3n de la reforma; no tengo grandes dudas ni observaciones globales.\u00bb<\/p>\n","protected":false},"excerpt":{"rendered":"<p>El senador Carlos Montes anticip\u00f3 algunas orientaciones y criterios con lo que abordar\u00e1 el proyecto de reforma tributaria como integrante de la Comisi\u00f3n de Hacienda de la C\u00e1mara Alta. Se\u00f1al\u00f3 a El Mercurio que \u00abaspira a que este proyecto sea una manera de generar recursos para las grandes reformas que pretende implementar este Gobierno; y &hellip;<\/p>\n","protected":false},"author":2,"featured_media":432,"comment_status":"open","ping_status":"open","sticky":false,"template":"","format":"standard","meta":[],"categories":[2,8],"tags":[16,18,20,232,197,251,45,15,176,250,175],"_links":{"self":[{"href":"https:\/\/www.carlosmontes.cl\/senador\/wp-json\/wp\/v2\/posts\/431"}],"collection":[{"href":"https:\/\/www.carlosmontes.cl\/senador\/wp-json\/wp\/v2\/posts"}],"about":[{"href":"https:\/\/www.carlosmontes.cl\/senador\/wp-json\/wp\/v2\/types\/post"}],"author":[{"embeddable":true,"href":"https:\/\/www.carlosmontes.cl\/senador\/wp-json\/wp\/v2\/users\/2"}],"replies":[{"embeddable":true,"href":"https:\/\/www.carlosmontes.cl\/senador\/wp-json\/wp\/v2\/comments?post=431"}],"version-history":[{"count":1,"href":"https:\/\/www.carlosmontes.cl\/senador\/wp-json\/wp\/v2\/posts\/431\/revisions"}],"predecessor-version":[{"id":433,"href":"https:\/\/www.carlosmontes.cl\/senador\/wp-json\/wp\/v2\/posts\/431\/revisions\/433"}],"wp:featuredmedia":[{"embeddable":true,"href":"https:\/\/www.carlosmontes.cl\/senador\/wp-json\/wp\/v2\/media\/432"}],"wp:attachment":[{"href":"https:\/\/www.carlosmontes.cl\/senador\/wp-json\/wp\/v2\/media?parent=431"}],"wp:term":[{"taxonomy":"category","embeddable":true,"href":"https:\/\/www.carlosmontes.cl\/senador\/wp-json\/wp\/v2\/categories?post=431"},{"taxonomy":"post_tag","embeddable":true,"href":"https:\/\/www.carlosmontes.cl\/senador\/wp-json\/wp\/v2\/tags?post=431"}],"curies":[{"name":"wp","href":"https:\/\/api.w.org\/{rel}","templated":true}]}}