{"id":421,"date":"2014-05-20T07:55:12","date_gmt":"2014-05-20T11:55:12","guid":{"rendered":"http:\/\/www.carlosmontes.cl\/senador\/?p=421"},"modified":"2014-05-20T19:47:35","modified_gmt":"2014-05-20T23:47:35","slug":"foro-sobre-reforma-tributaria-tuvo-lugar-en-providencia","status":"publish","type":"post","link":"https:\/\/www.carlosmontes.cl\/senador\/foro-sobre-reforma-tributaria-tuvo-lugar-en-providencia\/","title":{"rendered":"Foro sobre Reforma Tributaria tuvo lugar en Providencia"},"content":{"rendered":"<p>Con la participaci\u00f3n del Director del Servicio de Impuestos Internos, Michell Jorrat, se llev\u00f3 a cabo el foro sobre Reforma Tributaria organizado por el senador Carlos Montes y la diputada Maya Fern\u00e1ndez Allende, en Providencia.\u00a0A la actividad asistieron, adem\u00e1s, la alcaldesa, Josefa Errazuriz y los concejales David Silva (Providencia) y Alejandra Placencia (\u00d1u\u00f1oa).<\/p>\n<p>En su exposici\u00f3n el titular del SII detall\u00f3 los principales contenidos y objetivos de la modificaci\u00f3n impositiva impulsada por el Gobierno, recalcando la necesidad de aumentar la recaudaci\u00f3n fiscal para financiar mejoramientos en los servicios sociales, promover una mayor equidad en la distribuci\u00f3n de los ingresos y equilibrar las cuentas del erario p\u00fablico.<\/p>\n<p>Jorrat respondi\u00f3 las numerosas consultas de los asistentes que requirieron mayores antecedentes sobre algunas de las medidas contenidas en la reforma, enfatizando en que ella no afecta ni a la clase media ni a la peque\u00f1a empresa.<\/p>\n<p>Al finalizar el encuentro el senador Carlos Montes destac\u00f3 la importancia de la reforma tributaria como hito pol\u00edtico, recordando las dificultades que durante los Gobiernos de la Concertaci\u00f3n hubo para realizar modificaciones a las normas sobre impuestos. Destac\u00f3, especialmente, la relevancia de eliminar franquicias y subsidios que ya perdieron justificaci\u00f3n como las que favorecen al sector inmobiliario.<\/p>\n<p>La actividad se enmarca en una serie de encuentros de difusi\u00f3n de este proyecto que ha organizado el parlamentario y que han tenido lugar, adem\u00e1s de Providencia, en diversas comunas de Santiago Oriente, como La Florida, Puente Alto, La Cisterna, San Joaqu\u00edn y La Reina.<\/p>\n","protected":false},"excerpt":{"rendered":"<p>Con la participaci\u00f3n del Director del Servicio de Impuestos Internos, Michell Jorrat, se llev\u00f3 a cabo el foro sobre Reforma Tributaria organizado por el senador Carlos Montes y la diputada Maya Fern\u00e1ndez Allende, en Providencia.\u00a0A la actividad asistieron, adem\u00e1s, la alcaldesa, Josefa Errazuriz y los concejales David Silva (Providencia) y Alejandra Placencia (\u00d1u\u00f1oa). En su &hellip;<\/p>\n","protected":false},"author":2,"featured_media":422,"comment_status":"open","ping_status":"open","sticky":false,"template":"","format":"standard","meta":[],"categories":[2,8],"tags":[26,234,16,18,232,17,233,235,231,197,60,230,25,45,95,112,236],"_links":{"self":[{"href":"https:\/\/www.carlosmontes.cl\/senador\/wp-json\/wp\/v2\/posts\/421"}],"collection":[{"href":"https:\/\/www.carlosmontes.cl\/senador\/wp-json\/wp\/v2\/posts"}],"about":[{"href":"https:\/\/www.carlosmontes.cl\/senador\/wp-json\/wp\/v2\/types\/post"}],"author":[{"embeddable":true,"href":"https:\/\/www.carlosmontes.cl\/senador\/wp-json\/wp\/v2\/users\/2"}],"replies":[{"embeddable":true,"href":"https:\/\/www.carlosmontes.cl\/senador\/wp-json\/wp\/v2\/comments?post=421"}],"version-history":[{"count":1,"href":"https:\/\/www.carlosmontes.cl\/senador\/wp-json\/wp\/v2\/posts\/421\/revisions"}],"predecessor-version":[{"id":424,"href":"https:\/\/www.carlosmontes.cl\/senador\/wp-json\/wp\/v2\/posts\/421\/revisions\/424"}],"wp:featuredmedia":[{"embeddable":true,"href":"https:\/\/www.carlosmontes.cl\/senador\/wp-json\/wp\/v2\/media\/422"}],"wp:attachment":[{"href":"https:\/\/www.carlosmontes.cl\/senador\/wp-json\/wp\/v2\/media?parent=421"}],"wp:term":[{"taxonomy":"category","embeddable":true,"href":"https:\/\/www.carlosmontes.cl\/senador\/wp-json\/wp\/v2\/categories?post=421"},{"taxonomy":"post_tag","embeddable":true,"href":"https:\/\/www.carlosmontes.cl\/senador\/wp-json\/wp\/v2\/tags?post=421"}],"curies":[{"name":"wp","href":"https:\/\/api.w.org\/{rel}","templated":true}]}}