{"id":414,"date":"2014-05-17T14:49:04","date_gmt":"2014-05-17T18:49:04","guid":{"rendered":"http:\/\/www.carlosmontes.cl\/senador\/?p=414"},"modified":"2014-05-17T14:49:04","modified_gmt":"2014-05-17T18:49:04","slug":"senador-montes-participa-en-jornada-de-reflexion-por-la-educacion-publica","status":"publish","type":"post","link":"https:\/\/www.carlosmontes.cl\/senador\/senador-montes-participa-en-jornada-de-reflexion-por-la-educacion-publica\/","title":{"rendered":"Senador Montes participa en Jornada de Reflexi\u00f3n por la Educaci\u00f3n P\u00fablica."},"content":{"rendered":"<p>El senador Carlos Montes lleg\u00f3 en horas de la ma\u00f1ana de este viernes al colegio Maria Elena de La Florida, donde particip\u00f3 de la Jornada de Reflexi\u00f3n por la Educaci\u00f3n P\u00fablica convocada por el Magisterio. En el recinto estuvieron presentes, tambi\u00e9n, la diputada Camila Vallejo, el Presidente del Colegio de Profesores, Jaime Gajardo y el concejal Nicanor Herrera.<\/p>\n<p>El parlamentario valor\u00f3 la iniciativa destacando la importancia de la educaci\u00f3n p\u00fablica como eje de un sistema de ense\u00f1anza laico, republicano y democr\u00e1tico, enfatizando en la urgencia de adoptar medidas para fortalecerla. \u00abHoy el sistema mixto que ha sido tradicional en Chile est\u00e1 en peligro por la dram\u00e1tica ca\u00edda en la matr\u00edcula del sector p\u00fablico, lo que debe ser revertido\u00bb &#8211; remarc\u00f3.<\/p>\n<p>Montes sostuvo que junto con las acciones legislativas destinadas a modificar la actual regulaci\u00f3n en materia de desmunicipalizaci\u00f3n, financiamiento y gesti\u00f3n, es relevante desplegar las potencialidades de los planteles. \u00abEn las escuelas y liceos p\u00fablicos hay mucha capacidad y talento que requiere ser motivado y reconocido para los cual debemos movilizar a toda la sociedad en el objetivo de recuperar la educaci\u00f3n p\u00fablica\u00bb &#8211; concluy\u00f3.<\/p>\n","protected":false},"excerpt":{"rendered":"<p>El senador Carlos Montes lleg\u00f3 en horas de la ma\u00f1ana de este viernes al colegio Maria Elena de La Florida, donde particip\u00f3 de la Jornada de Reflexi\u00f3n por la Educaci\u00f3n P\u00fablica convocada por el Magisterio. En el recinto estuvieron presentes, tambi\u00e9n, la diputada Camila Vallejo, el Presidente del Colegio de Profesores, Jaime Gajardo y el &hellip;<\/p>\n","protected":false},"author":2,"featured_media":415,"comment_status":"open","ping_status":"open","sticky":false,"template":"","format":"standard","meta":[],"categories":[7,2,1],"tags":[74,209,72,208,206,18,205,75,207,210,211,212,24,76,82,213],"_links":{"self":[{"href":"https:\/\/www.carlosmontes.cl\/senador\/wp-json\/wp\/v2\/posts\/414"}],"collection":[{"href":"https:\/\/www.carlosmontes.cl\/senador\/wp-json\/wp\/v2\/posts"}],"about":[{"href":"https:\/\/www.carlosmontes.cl\/senador\/wp-json\/wp\/v2\/types\/post"}],"author":[{"embeddable":true,"href":"https:\/\/www.carlosmontes.cl\/senador\/wp-json\/wp\/v2\/users\/2"}],"replies":[{"embeddable":true,"href":"https:\/\/www.carlosmontes.cl\/senador\/wp-json\/wp\/v2\/comments?post=414"}],"version-history":[{"count":1,"href":"https:\/\/www.carlosmontes.cl\/senador\/wp-json\/wp\/v2\/posts\/414\/revisions"}],"predecessor-version":[{"id":416,"href":"https:\/\/www.carlosmontes.cl\/senador\/wp-json\/wp\/v2\/posts\/414\/revisions\/416"}],"wp:featuredmedia":[{"embeddable":true,"href":"https:\/\/www.carlosmontes.cl\/senador\/wp-json\/wp\/v2\/media\/415"}],"wp:attachment":[{"href":"https:\/\/www.carlosmontes.cl\/senador\/wp-json\/wp\/v2\/media?parent=414"}],"wp:term":[{"taxonomy":"category","embeddable":true,"href":"https:\/\/www.carlosmontes.cl\/senador\/wp-json\/wp\/v2\/categories?post=414"},{"taxonomy":"post_tag","embeddable":true,"href":"https:\/\/www.carlosmontes.cl\/senador\/wp-json\/wp\/v2\/tags?post=414"}],"curies":[{"name":"wp","href":"https:\/\/api.w.org\/{rel}","templated":true}]}}