{"id":400,"date":"2014-05-16T10:51:40","date_gmt":"2014-05-16T14:51:40","guid":{"rendered":"http:\/\/www.carlosmontes.cl\/senador\/?p=400"},"modified":"2014-05-16T10:51:40","modified_gmt":"2014-05-16T14:51:40","slug":"senador-montes-asiste-a-primera-sesion-del-consejo-nacional-de-desarrollo-urbano","status":"publish","type":"post","link":"https:\/\/www.carlosmontes.cl\/senador\/senador-montes-asiste-a-primera-sesion-del-consejo-nacional-de-desarrollo-urbano\/","title":{"rendered":"Senador Montes asiste a primera sesi\u00f3n del Consejo Nacional de Desarrollo Urbano."},"content":{"rendered":"<p><span style=\"line-height: 1.5em;\">El senador Carlos Montes particip\u00f3, en su calidad de Presidente de la Comisi\u00f3n de Vivienda y Desarrollo Urbano de la C\u00e1mara Alta, de la primera sesi\u00f3n del\u00a0<\/span><b style=\"line-height: 1.5em;\">Consejo Nacional de Desarrollo Urbano, <\/b>que<b style=\"line-height: 1.5em;\">\u00a0<\/b>se realiz\u00f3 en La Moneda.<\/p>\n<p>La instancia, presidida por el arquitecto\u00a0<b>Luis Eduardo Bresciani<\/b>, defini\u00f3 prioridades y la agenda de trabajo, cuyo eje principal es la implementaci\u00f3n de la\u00a0<b><a title=\"Pol\u00edtica Nacional de Desarrollo Urbano\" href=\"http:\/\/www.carlosmontes.cl\/senador\/?p=402\" target=\"_blank\">Pol\u00edtica Nacional de Desarrollo Urbano<\/a> (PNDU). <\/b>La PNDU\u00a0es una pol\u00edtica multisectorial que aborda lineamientos y recomendaciones en todos los \u00e1mbitos del desarrollo de las ciudades, bajo el principio de la integraci\u00f3n social, la institucionalidad y gobernanza, el equilibrio ambiental, la identidad y patrimonio, y el desarrollo econ\u00f3mico.<\/p>\n<p>Entre las prioridades del\u00a0Consejo para el per\u00edodo 2014-15\u00a0est\u00e1n la estrategia y plan de implementaci\u00f3n de la PNDU, la pol\u00edtica de suelo e integraci\u00f3n social, la institucionalidad del desarrollo urbano del pa\u00eds y la planificaci\u00f3n territorial integrada.<\/p>\n<p>El Consejo estudiar\u00e1 posibles reformas para implementar una \u201cPol\u00edtica de Suelo\u201d con \u00e9nfasis en regulaciones del suelo con fines de integraci\u00f3n social y el acceso de sectores m\u00e1s vulnerables a los sectores interiores de la ciudad; instrumentos de planificaci\u00f3n de zonas de focalizaci\u00f3n de inversiones p\u00fablicas con fines de \u201cequidad territorial\u201d; y mecanismos para regular y gestionar el mercado de suelo (valor del suelo), captar plusval\u00edas con fines de integraci\u00f3n social, reutilizaci\u00f3n de terrenos subutilizados y el financiamiento de obras de mejoramiento de zonas segregadas.<\/p>\n<p>Extracto de nota de www.minvu.cl<\/p>\n","protected":false},"excerpt":{"rendered":"<p>El senador Carlos Montes particip\u00f3, en su calidad de Presidente de la Comisi\u00f3n de Vivienda y Desarrollo Urbano de la C\u00e1mara Alta, de la primera sesi\u00f3n del\u00a0Consejo Nacional de Desarrollo Urbano, que\u00a0se realiz\u00f3 en La Moneda. La instancia, presidida por el arquitecto\u00a0Luis Eduardo Bresciani, defini\u00f3 prioridades y la agenda de trabajo, cuyo eje principal es &hellip;<\/p>\n","protected":false},"author":2,"featured_media":403,"comment_status":"open","ping_status":"open","sticky":false,"template":"","format":"standard","meta":[],"categories":[11,2],"tags":[201,32,152,202,87,203,199,204,115,200,198,42],"_links":{"self":[{"href":"https:\/\/www.carlosmontes.cl\/senador\/wp-json\/wp\/v2\/posts\/400"}],"collection":[{"href":"https:\/\/www.carlosmontes.cl\/senador\/wp-json\/wp\/v2\/posts"}],"about":[{"href":"https:\/\/www.carlosmontes.cl\/senador\/wp-json\/wp\/v2\/types\/post"}],"author":[{"embeddable":true,"href":"https:\/\/www.carlosmontes.cl\/senador\/wp-json\/wp\/v2\/users\/2"}],"replies":[{"embeddable":true,"href":"https:\/\/www.carlosmontes.cl\/senador\/wp-json\/wp\/v2\/comments?post=400"}],"version-history":[{"count":2,"href":"https:\/\/www.carlosmontes.cl\/senador\/wp-json\/wp\/v2\/posts\/400\/revisions"}],"predecessor-version":[{"id":404,"href":"https:\/\/www.carlosmontes.cl\/senador\/wp-json\/wp\/v2\/posts\/400\/revisions\/404"}],"wp:featuredmedia":[{"embeddable":true,"href":"https:\/\/www.carlosmontes.cl\/senador\/wp-json\/wp\/v2\/media\/403"}],"wp:attachment":[{"href":"https:\/\/www.carlosmontes.cl\/senador\/wp-json\/wp\/v2\/media?parent=400"}],"wp:term":[{"taxonomy":"category","embeddable":true,"href":"https:\/\/www.carlosmontes.cl\/senador\/wp-json\/wp\/v2\/categories?post=400"},{"taxonomy":"post_tag","embeddable":true,"href":"https:\/\/www.carlosmontes.cl\/senador\/wp-json\/wp\/v2\/tags?post=400"}],"curies":[{"name":"wp","href":"https:\/\/api.w.org\/{rel}","templated":true}]}}