{"id":351,"date":"2014-04-29T18:19:19","date_gmt":"2014-04-29T22:19:19","guid":{"rendered":"http:\/\/www.carlosmontes.cl\/senador\/?p=351"},"modified":"2014-05-06T18:40:24","modified_gmt":"2014-05-06T22:40:24","slug":"solicitan-construir-nuevo-hospital-en-puente-alto-y-no-concesionar-el-sotero-del-rio","status":"publish","type":"post","link":"https:\/\/www.carlosmontes.cl\/senador\/solicitan-construir-nuevo-hospital-en-puente-alto-y-no-concesionar-el-sotero-del-rio\/","title":{"rendered":"Solicitan construir nuevo Hospital en Puente Alto y no concesionar el S\u00f3tero del R\u00edo"},"content":{"rendered":"<p>La Doctora Soledad Barria, el Senador\u00a0Carlos Montes Cisternas, el Diputado\u00a0Osvaldo Andrade\u00a0y el\u00a0Gobernador de la Provincia Cordillera,\u00a0Carlos Becerra,\u00a0se reunieron con la Ministra de Salud a quien solicitaron\u00a0que el financiamiento para la construcci\u00f3n de un nuevo Hospital de Puente Alto est\u00e9 en los anuncios del 21 de mayo.<\/p>\n<div>\n<div dir=\"ltr\">\n<p><span style=\"line-height: 1.5em;\">Los personeros insistieron en\u00a0<\/span><span style=\"line-height: 1.5em;\">el imperativo de construir un Hospital con camas y urgencias para Puente Alto, que realmente contribuya a enfrentar los problemas de la comuna. Asimismo, remarcaron la necesidad de evitar la concesi\u00f3n del hospital S\u00f3tero del R\u00edo.<\/span><\/p>\n<p>En la audiencia, a la que asistieron, adem\u00e1s de la Ministra Molina, la Subsecretaria de Redes, Ang\u00e9lica Verdugo y el jefe de Inversiones, Sergio Teke se inform\u00f3 que la Presidenta Bachelet anunciar\u00e1 en la Cuenta Publica del 21 de mayo la construcci\u00f3n de 20 hospitales que se realizar\u00e1n durante su per\u00edodo de gobierno.<\/p>\n<p><span style=\"line-height: 1.5em;\">Respecto a las concesiones, especialmente la que afecta al Hospital Sotero del Rio, se se\u00f1al\u00f3 que todav\u00eda no hay claridad sobre el proceso ya que el requerimiento ante la Contralor\u00eda General de la Rep\u00fablica no ha sido contestado.<\/span><\/p>\n<\/div>\n<\/div>\n","protected":false},"excerpt":{"rendered":"<p>La Doctora Soledad Barria, el Senador\u00a0Carlos Montes Cisternas, el Diputado\u00a0Osvaldo Andrade\u00a0y el\u00a0Gobernador de la Provincia Cordillera,\u00a0Carlos Becerra,\u00a0se reunieron con la Ministra de Salud a quien solicitaron\u00a0que el financiamiento para la construcci\u00f3n de un nuevo Hospital de Puente Alto est\u00e9 en los anuncios del 21 de mayo. Los personeros insistieron en\u00a0el imperativo de construir un Hospital &hellip;<\/p>\n","protected":false},"author":2,"featured_media":352,"comment_status":"open","ping_status":"open","sticky":false,"template":"","format":"standard","meta":[],"categories":[12,2],"tags":[140,137,139,141,53,135,136,138,51,142],"_links":{"self":[{"href":"https:\/\/www.carlosmontes.cl\/senador\/wp-json\/wp\/v2\/posts\/351"}],"collection":[{"href":"https:\/\/www.carlosmontes.cl\/senador\/wp-json\/wp\/v2\/posts"}],"about":[{"href":"https:\/\/www.carlosmontes.cl\/senador\/wp-json\/wp\/v2\/types\/post"}],"author":[{"embeddable":true,"href":"https:\/\/www.carlosmontes.cl\/senador\/wp-json\/wp\/v2\/users\/2"}],"replies":[{"embeddable":true,"href":"https:\/\/www.carlosmontes.cl\/senador\/wp-json\/wp\/v2\/comments?post=351"}],"version-history":[{"count":1,"href":"https:\/\/www.carlosmontes.cl\/senador\/wp-json\/wp\/v2\/posts\/351\/revisions"}],"predecessor-version":[{"id":353,"href":"https:\/\/www.carlosmontes.cl\/senador\/wp-json\/wp\/v2\/posts\/351\/revisions\/353"}],"wp:featuredmedia":[{"embeddable":true,"href":"https:\/\/www.carlosmontes.cl\/senador\/wp-json\/wp\/v2\/media\/352"}],"wp:attachment":[{"href":"https:\/\/www.carlosmontes.cl\/senador\/wp-json\/wp\/v2\/media?parent=351"}],"wp:term":[{"taxonomy":"category","embeddable":true,"href":"https:\/\/www.carlosmontes.cl\/senador\/wp-json\/wp\/v2\/categories?post=351"},{"taxonomy":"post_tag","embeddable":true,"href":"https:\/\/www.carlosmontes.cl\/senador\/wp-json\/wp\/v2\/tags?post=351"}],"curies":[{"name":"wp","href":"https:\/\/api.w.org\/{rel}","templated":true}]}}