{"id":2265,"date":"2018-12-04T10:35:08","date_gmt":"2018-12-04T13:35:08","guid":{"rendered":"http:\/\/www.carlosmontes.cl\/senador\/?p=2265"},"modified":"2023-03-13T09:55:26","modified_gmt":"2023-03-13T12:55:26","slug":"presidente-del-senado-recalca-potencialidades-de-las-juntas-de-vecinos-para-fortalecer-la-democracia","status":"publish","type":"post","link":"https:\/\/www.carlosmontes.cl\/senador\/presidente-del-senado-recalca-potencialidades-de-las-juntas-de-vecinos-para-fortalecer-la-democracia\/","title":{"rendered":"Presidente del Senado recalca potencialidades de las juntas de vecinos para fortalecer la democracia"},"content":{"rendered":"<ul>\n<li><strong><em>El titular de la C\u00e1mara Alta present\u00f3 el libro \u201cJuntas de Vecinos en Chile, 50 a\u00f1os de historia y desaf\u00edos de participaci\u00f3n\u201d, texto que re\u00fane la historia social y pol\u00edtica de estas organizaciones, as\u00ed como propuestas para su modernizaci\u00f3n. <\/em><\/strong><\/li>\n<\/ul>\n<p>Con la presencia de cerca de 400 dirigentes vecinales, el presidente del Senado, Carlos Montes, encabez\u00f3 la presentaci\u00f3n del libro \u201cJuntas de vecinos en Chile, 50 a\u00f1os de historia y desaf\u00edos de participaci\u00f3n\u201d.<\/p>\n<p>El texto \u2014elaborado en el marco de los 50 a\u00f1os de la ley que dio origen formal a estas agrupaciones comunitarias\u2014 contiene, adem\u00e1s de la historia social y pol\u00edtica de las juntas de vecinos en Chile, testimonios de actores como Andr\u00e9s Zald\u00edvar, Ricardo N\u00fa\u00f1ez, Mois\u00e9s Leyton, Patricio Pino, Guillermo Risco y Jorge Sharp, entre otros; y propuestas para la modernizaci\u00f3n de estas organizaciones territoriales.<\/p>\n<p>Las presentaciones del libro estuvieron a cargo del propio titular de la C\u00e1mara Alta, Carlos Montes, y del acad\u00e9mico de la Universidad de Los Lagos, Gonzalo Delamaza. En los comentarios participaron la periodista de CNN Chile, Matilde Burgos; el vicepresidente Ejecutivo de Am\u00e9rica Solidaria, Benito Baranda; y el presidente de la Confederaci\u00f3n de Uniones Comunales de Juntas de Vecinos de Chile, Hugo Mar\u00edn.<\/p>\n<p>Durante la ceremonia, el presidente del Senado destac\u00f3 que \u201cen una \u00e9poca en la que la ciudadan\u00eda exige mayor participaci\u00f3n e influir en las decisiones, sin duda las juntas de vecinos tienen potencialidades enormes y pueden ser un aporte muy valioso desde los territorios para fortalecer la cohesi\u00f3n social, mejorar nuestra democracia y avanzar hacia un desarrollo m\u00e1s integral\u201d.<\/p>\n<p>En esa l\u00ednea, con el objetivo de modernizar estas organizaciones, Montes explic\u00f3 que un grupo transversal de senadores ha propuesto un proyecto de ley, que modifica la normativa actual, estableciendo, por ejemplo \u201cque vuelva a existir s\u00f3lo junta de vecino por unidad vecinal, adem\u00e1s de facilitar la constituci\u00f3n de estas organizaciones y establecer reglas claras de probidad y transparencia para los dirigentes\u201d.<\/p>\n","protected":false},"excerpt":{"rendered":"<p>El titular de la C\u00e1mara Alta present\u00f3 el libro \u201cJuntas de Vecinos en Chile, 50 a\u00f1os de historia y desaf\u00edos de participaci\u00f3n\u201d, texto que re\u00fane la historia social y pol\u00edtica de estas organizaciones, as\u00ed como propuestas para su modernizaci\u00f3n. Con la presencia de cerca de 400 dirigentes vecinales, el presidente del Senado, Carlos Montes, encabez\u00f3 &hellip;<\/p>\n","protected":false},"author":2,"featured_media":2266,"comment_status":"closed","ping_status":"open","sticky":false,"template":"","format":"standard","meta":[],"categories":[2],"tags":[],"_links":{"self":[{"href":"https:\/\/www.carlosmontes.cl\/senador\/wp-json\/wp\/v2\/posts\/2265"}],"collection":[{"href":"https:\/\/www.carlosmontes.cl\/senador\/wp-json\/wp\/v2\/posts"}],"about":[{"href":"https:\/\/www.carlosmontes.cl\/senador\/wp-json\/wp\/v2\/types\/post"}],"author":[{"embeddable":true,"href":"https:\/\/www.carlosmontes.cl\/senador\/wp-json\/wp\/v2\/users\/2"}],"replies":[{"embeddable":true,"href":"https:\/\/www.carlosmontes.cl\/senador\/wp-json\/wp\/v2\/comments?post=2265"}],"version-history":[{"count":1,"href":"https:\/\/www.carlosmontes.cl\/senador\/wp-json\/wp\/v2\/posts\/2265\/revisions"}],"predecessor-version":[{"id":2267,"href":"https:\/\/www.carlosmontes.cl\/senador\/wp-json\/wp\/v2\/posts\/2265\/revisions\/2267"}],"wp:featuredmedia":[{"embeddable":true,"href":"https:\/\/www.carlosmontes.cl\/senador\/wp-json\/wp\/v2\/media\/2266"}],"wp:attachment":[{"href":"https:\/\/www.carlosmontes.cl\/senador\/wp-json\/wp\/v2\/media?parent=2265"}],"wp:term":[{"taxonomy":"category","embeddable":true,"href":"https:\/\/www.carlosmontes.cl\/senador\/wp-json\/wp\/v2\/categories?post=2265"},{"taxonomy":"post_tag","embeddable":true,"href":"https:\/\/www.carlosmontes.cl\/senador\/wp-json\/wp\/v2\/tags?post=2265"}],"curies":[{"name":"wp","href":"https:\/\/api.w.org\/{rel}","templated":true}]}}