{"id":2255,"date":"2018-10-29T18:50:05","date_gmt":"2018-10-29T21:50:05","guid":{"rendered":"http:\/\/www.carlosmontes.cl\/senador\/?p=2255"},"modified":"2023-03-13T09:55:34","modified_gmt":"2023-03-13T12:55:34","slug":"seminario-en-el-ex-congreso-nacional-expertos-debaten-sobre-los-desafios-del-crecimiento-en-chile","status":"publish","type":"post","link":"https:\/\/www.carlosmontes.cl\/senador\/seminario-en-el-ex-congreso-nacional-expertos-debaten-sobre-los-desafios-del-crecimiento-en-chile\/","title":{"rendered":"Seminario en el ex Congreso Nacional: expertos debaten sobre los desaf\u00edos del crecimiento en Chile"},"content":{"rendered":"<p>Convocados por el presidente del Senado, Carlos Montes, participaron en esta reflexi\u00f3n destacados economistas, tales como, Jos\u00e9 de Gregorio, Rodrigo Vald\u00e9s, Vittorio Corbo y \u00d3scar Landerretche.<\/p>\n<p>En la Sala de Sesiones del Congreso Nacional de Santiago se realiz\u00f3 est\u00e9 lunes el seminario \u201c\u00bfQu\u00e9 pasa con el crecimiento en Chile?\u201d, actividad organizada por la presidencia del Senado, en la que se debati\u00f3 sobre las condiciones del actual crecimiento del pa\u00eds y los desaf\u00edos de futuro en la materia.<\/p>\n<p>La actividad cont\u00f3 con las exposiciones del decano de la Facultad de Econom\u00eda y Negocios de la Universidad de Chile, Jos\u00e9 de Gregorio; del ex ministro de Hacienda, Rodrigo Vald\u00e9s; del ex presidente del Banco Central, Vittorio Corbo; y del ex presidente del Directorio de Codelco, \u00d3scar Landerretche.<\/p>\n<p>Durante sus exposiciones los expertos analizaron el modelo de desarrollo que condiciona el crecimiento en el pa\u00eds y los principales desaf\u00edos que debe enfrentar Chile para un crecimiento sostenible en el mediano y largo plazo.<\/p>\n<p>El presidente del Senado, Carlos Montes, convocante del encuentro, destac\u00f3 que \u201cel tema del crecimiento se discute poco\u201d, por lo que resulta relevante \u201ciniciar un debate al respecto. Por eso hemos invitado a especialistas que reflejan distintas l\u00edneas de pensamiento y esperamos con esto ir abriendo una agenda de debate\u201d.<\/p>\n<p>El parlamentario a\u00f1adi\u00f3 que \u201cest\u00e1 claro que tenemos una tarea pendiente en el pa\u00eds, que es c\u00f3mo queremos que, en el mediano y largo plazo, Chile siga creciendo\u201d.<\/p>\n<p><strong>Reforma al sistema de pensiones <\/strong><\/p>\n<p>Consultado por el anuncio de reforma al sistema de pensiones efectuado la noche de este domingo por el Presidente de la Rep\u00fablica, Sebasti\u00e1n Pi\u00f1era, el titular de la C\u00e1mara Alta valor\u00f3 la relevancia de que el Ejecutivo, a siete meses de iniciado su mandato, haya presentado una propuesta en una materia tan relevante para la ciudadan\u00eda.<\/p>\n<p>Montes asegur\u00f3 que \u201cnos parece bien que se aumente la Pensi\u00f3n B\u00e1sica Solidaria que inici\u00f3 la Presidenta Bachelet, tanto que creemos que esto debiera incorporarse en la Ley de Presupuesto, de tal forma que se aplicara el a\u00f1o 2019 completo\u201d. Otro elemento valorable, a juicio del legislador, es \u201cel aporte patronal, que tambi\u00e9n lo plante\u00f3 Michelle Bachelet en su propuesta (\u2026) El problema es a qui\u00e9n beneficia y c\u00f3mo se administra\u201d.<\/p>\n<p>Respecto al resto de las propuestas, el senador manifest\u00f3 que \u201cnos parece que es bastante m\u00e1s de lo mismo, la misma l\u00f3gica de las AFP y, por tanto, hay que estudiarlo con mucho m\u00e1s calma antes de definir una posici\u00f3n, porque hay cosas que el Presidente enunci\u00f3 de manera muy gen\u00e9rica.<\/p>\n<p>En esa l\u00ednea, Montes indic\u00f3 que \u201cqueremos que haya una administraci\u00f3n distinta de la que hay en las AFP. \u00bfCu\u00e1l? Eso tenemos que discutirlo, porque el Gobierno no propone nada muy concreto\u201d.<\/p>\n","protected":false},"excerpt":{"rendered":"<p>Convocados por el presidente del Senado, Carlos Montes, participaron en esta reflexi\u00f3n destacados economistas, tales como, Jos\u00e9 de Gregorio, Rodrigo Vald\u00e9s, Vittorio Corbo y \u00d3scar Landerretche. En la Sala de Sesiones del Congreso Nacional de Santiago se realiz\u00f3 est\u00e9 lunes el seminario \u201c\u00bfQu\u00e9 pasa con el crecimiento en Chile?\u201d, actividad organizada por la presidencia del &hellip;<\/p>\n","protected":false},"author":2,"featured_media":2256,"comment_status":"closed","ping_status":"open","sticky":false,"template":"","format":"standard","meta":[],"categories":[2],"tags":[],"_links":{"self":[{"href":"https:\/\/www.carlosmontes.cl\/senador\/wp-json\/wp\/v2\/posts\/2255"}],"collection":[{"href":"https:\/\/www.carlosmontes.cl\/senador\/wp-json\/wp\/v2\/posts"}],"about":[{"href":"https:\/\/www.carlosmontes.cl\/senador\/wp-json\/wp\/v2\/types\/post"}],"author":[{"embeddable":true,"href":"https:\/\/www.carlosmontes.cl\/senador\/wp-json\/wp\/v2\/users\/2"}],"replies":[{"embeddable":true,"href":"https:\/\/www.carlosmontes.cl\/senador\/wp-json\/wp\/v2\/comments?post=2255"}],"version-history":[{"count":1,"href":"https:\/\/www.carlosmontes.cl\/senador\/wp-json\/wp\/v2\/posts\/2255\/revisions"}],"predecessor-version":[{"id":2257,"href":"https:\/\/www.carlosmontes.cl\/senador\/wp-json\/wp\/v2\/posts\/2255\/revisions\/2257"}],"wp:featuredmedia":[{"embeddable":true,"href":"https:\/\/www.carlosmontes.cl\/senador\/wp-json\/wp\/v2\/media\/2256"}],"wp:attachment":[{"href":"https:\/\/www.carlosmontes.cl\/senador\/wp-json\/wp\/v2\/media?parent=2255"}],"wp:term":[{"taxonomy":"category","embeddable":true,"href":"https:\/\/www.carlosmontes.cl\/senador\/wp-json\/wp\/v2\/categories?post=2255"},{"taxonomy":"post_tag","embeddable":true,"href":"https:\/\/www.carlosmontes.cl\/senador\/wp-json\/wp\/v2\/tags?post=2255"}],"curies":[{"name":"wp","href":"https:\/\/api.w.org\/{rel}","templated":true}]}}