{"id":2248,"date":"2018-10-04T14:49:57","date_gmt":"2018-10-04T17:49:57","guid":{"rendered":"http:\/\/www.carlosmontes.cl\/senador\/?p=2248"},"modified":"2023-03-13T09:55:44","modified_gmt":"2023-03-13T12:55:44","slug":"exitoso-foro-sobre-la-aplicacion-de-la-reforma-laboral-en-el-ex-congreso-nacional","status":"publish","type":"post","link":"https:\/\/www.carlosmontes.cl\/senador\/exitoso-foro-sobre-la-aplicacion-de-la-reforma-laboral-en-el-ex-congreso-nacional\/","title":{"rendered":"Exitoso foro sobre la aplicaci\u00f3n de la reforma laboral en el ex Congreso Nacional"},"content":{"rendered":"<p><strong>En la actividad, que cont\u00f3 con la presencia de parlamentarios, expertos y dirigentes sindicales, se lanz\u00f3 la segunda edici\u00f3n del Manual de Aplicaci\u00f3n de la Reforma Laboral para Dirigentes Sindicales. <\/strong><\/p>\n<p>En el Sal\u00f3n de Honor del ex Congreso Nacional, y con la presencia de m\u00e1s de 250 personas, entre ellas dirigentes sindicales, se desarroll\u00f3 el pasado 1 de octubre un foro sobre la aplicaci\u00f3n de la reforma laboral, ocasi\u00f3n en la que, adem\u00e1s, se efectu\u00f3 el lanzamiento de la segunda edici\u00f3n del Manual de Aplicaci\u00f3n de la Reforma Laboral para Dirigentes Sindicales.<\/p>\n<p>La actividad \u2014convocada por el Presidencia del Senado, el Instituto Igualdad, la Fundaci\u00f3n Friedrich Ebert Chile y el Departamento Nacional Sindical del Partido Socialista de Chile\u2014 cont\u00f3 con la participaci\u00f3n del titular de la C\u00e1mara Alta, Carlos Montes; el presidente del Partido Socialista de Chile, senador \u00c1lvaro Elizalde; la presidenta del Instituto Igualdad, Clarisa Hardy; y la representante de FES Chile, Simone Reperger.<\/p>\n<p>El senador Montes, al inaugurar el encuentro, valor\u00f3 la instancia y agradeci\u00f3 la presencia de dirigentes sindicales en el evento, recalcando la importancia de los temas laborales y su incorporaci\u00f3n con fuerza en la agenda nacional, pues \u201cel tema del trabajo y sus condiciones tiene mucho que ver con la calidad de una sociedad\u201d.<\/p>\n<p>Luego de las palabras iniciales se llev\u00f3 a cabo un panel de debate, a cargo de la senadora Adriana Mu\u00f1oz, los diputados Gael Yeomans y Ra\u00fal Soto, el ex subsecretario del Trabajo Francisco D\u00edaz y el vicepresidente de la Central Unitaria de Trabajadores, Eric Campos.<\/p>\n<p>En la instancia los participantes realizaron una evaluaci\u00f3n del primer a\u00f1o y medio de vigencia de la reforma laboral, y analizaron las modificaciones efectuadas por la actual Direcci\u00f3n del Trabajo y los anuncios de modificaciones a la ley efectuados por el Gobierno.<\/p>\n<p>Puede revisar la transmisi\u00f3n completa del foro en el siguiente enlace:\u00a0 <a href=\"https:\/\/www.youtube.com\/watch?v=l4lCOfdSXis\">https:\/\/www.youtube.com\/watch?v=l4lCOfdSXis<\/a><\/p>\n","protected":false},"excerpt":{"rendered":"<p>En la actividad, que cont\u00f3 con la presencia de parlamentarios, expertos y dirigentes sindicales, se lanz\u00f3 la segunda edici\u00f3n del Manual de Aplicaci\u00f3n de la Reforma Laboral para Dirigentes Sindicales. En el Sal\u00f3n de Honor del ex Congreso Nacional, y con la presencia de m\u00e1s de 250 personas, entre ellas dirigentes sindicales, se desarroll\u00f3 el &hellip;<\/p>\n","protected":false},"author":2,"featured_media":2249,"comment_status":"closed","ping_status":"open","sticky":false,"template":"","format":"standard","meta":[],"categories":[2],"tags":[556,1106,123],"_links":{"self":[{"href":"https:\/\/www.carlosmontes.cl\/senador\/wp-json\/wp\/v2\/posts\/2248"}],"collection":[{"href":"https:\/\/www.carlosmontes.cl\/senador\/wp-json\/wp\/v2\/posts"}],"about":[{"href":"https:\/\/www.carlosmontes.cl\/senador\/wp-json\/wp\/v2\/types\/post"}],"author":[{"embeddable":true,"href":"https:\/\/www.carlosmontes.cl\/senador\/wp-json\/wp\/v2\/users\/2"}],"replies":[{"embeddable":true,"href":"https:\/\/www.carlosmontes.cl\/senador\/wp-json\/wp\/v2\/comments?post=2248"}],"version-history":[{"count":1,"href":"https:\/\/www.carlosmontes.cl\/senador\/wp-json\/wp\/v2\/posts\/2248\/revisions"}],"predecessor-version":[{"id":2250,"href":"https:\/\/www.carlosmontes.cl\/senador\/wp-json\/wp\/v2\/posts\/2248\/revisions\/2250"}],"wp:featuredmedia":[{"embeddable":true,"href":"https:\/\/www.carlosmontes.cl\/senador\/wp-json\/wp\/v2\/media\/2249"}],"wp:attachment":[{"href":"https:\/\/www.carlosmontes.cl\/senador\/wp-json\/wp\/v2\/media?parent=2248"}],"wp:term":[{"taxonomy":"category","embeddable":true,"href":"https:\/\/www.carlosmontes.cl\/senador\/wp-json\/wp\/v2\/categories?post=2248"},{"taxonomy":"post_tag","embeddable":true,"href":"https:\/\/www.carlosmontes.cl\/senador\/wp-json\/wp\/v2\/tags?post=2248"}],"curies":[{"name":"wp","href":"https:\/\/api.w.org\/{rel}","templated":true}]}}