{"id":2240,"date":"2018-08-30T17:14:34","date_gmt":"2018-08-30T20:14:34","guid":{"rendered":"http:\/\/www.carlosmontes.cl\/senador\/?p=2240"},"modified":"2023-03-13T09:55:54","modified_gmt":"2023-03-13T12:55:54","slug":"oposicion-resuelve-enfrentar-en-forma-unida-reforma-tributaria-del-gobierno","status":"publish","type":"post","link":"https:\/\/www.carlosmontes.cl\/senador\/oposicion-resuelve-enfrentar-en-forma-unida-reforma-tributaria-del-gobierno\/","title":{"rendered":"Oposici\u00f3n resuelve enfrentar en forma unida reforma tributaria del Gobierno"},"content":{"rendered":"<p><strong>Senadores, diputados, expertos y dirigentes gremiales acordaron crear dos instancias para tratar temas pol\u00edtico-t\u00e9cnicos y comunicacionales.<\/strong><\/p>\n<p>Enfrentar en forma conjunta la tramitaci\u00f3n del proyecto de Reforma Tributaria presentado la semana pasada por el Gobierno, resolvieron este mediod\u00eda senadores y diputados de la oposici\u00f3n, tras una reuni\u00f3n que incluy\u00f3 a representantes de la DC, el PS, el PPD, el PC, el PR, el FA e independientes.<\/p>\n<p>En el encuentro se analiz\u00f3 la iniciativa del Ejecutivo que ingres\u00f3 la semana pasada a la C\u00e1mara de Diputados, con comentarios de los presidentes de las comisiones de Hacienda del Senado y la C\u00e1mara, Juan Pablo Letelier\u00a0 (PS) y Pablo Lorenzini (DC), respectivamente, el economista Alejandro Micco y la directora de Igualdad, Clarisa Hardy.<\/p>\n<p>Entre los asistentes se encontraban los ex ministros de Hacienda Rodrigo Vald\u00e9s y Nicol\u00e1s Eyzaguirre; de Energ\u00eda, M\u00e1ximo Pacheco; los presidentes del PPD, Heraldo Mu\u00f1oz; del PS \u00c1lvaro Elizalde, los senadores Ricardo Lagos Weber, Jaime Quintana y Felipe Harboe (PPD); Jorge Pizarro y Francisco Huenchumilla (DC); del PS, Carlos Montes; los diputados Giorgio Jackson (RD) y Daniel N\u00fa\u00f1ez (PC); representantes de centros de estudios como Espacio P\u00fablico, Chile 21 e Igualdad; y de asociaciones gremiales como Conupia, UnaPyme, Asof, adem\u00e1s de representantes de los gremios del SII y la ANEF, entre otros.<\/p>\n<p>Para trabajar en forma unida en esta materia, se acord\u00f3 la creaci\u00f3n de un grupo pol\u00edtico-t\u00e9cnico y otro comunicacional, de manera de establecer una coordinaci\u00f3n permanente.<\/p>\n<p>El senador Carlos Montes, uno de los promotores del encuentro, asegur\u00f3 que fue una \u201cexcelente reuni\u00f3n, estaban todos los sectores representados, en lo pol\u00edtico y en lo t\u00e9cnico. La oposici\u00f3n est\u00e1 unida para enfrentar algo tan serio para el pa\u00eds como esta reforma estructural en materia tributaria\u201d.<\/p>\n<p>El senador y presidente de comisi\u00f3n de Hacienda, Juan Pablo Letelier, asegur\u00f3 que \u201cno es efectivo que se trate de una reforma modernizadora, sino de una reforma de car\u00e1cter estructural sobre la base de algunas instituciones que alteran totalmente lo que se modific\u00f3 el 2014\u201d<\/p>\n<p>\u201cDecidimos armar un equipo pol\u00edtico-t\u00e9cnico y uno comunicacional, de tal manera de trabajar juntos para enfrentar los temas de integraci\u00f3n, de norma antielusi\u00f3n y otros en los que tenemos bastantes coincidencias\u201d, detall\u00f3 Montes.<\/p>\n<p>Seg\u00fan Letelier, esta reforma \u201cretrocede significativamente el concepto de que \u2018los que m\u00e1s tienen m\u00e1s aporten\u2019 al desarrollo econ\u00f3mico para efecto de pol\u00edticas p\u00fablicas. Esta falta de recaudaci\u00f3n alguien la va a pagar, porque aqu\u00ed con toda probabilidad se va a afectar programas sociales\u201d.<\/p>\n<p>Montes advirti\u00f3 que el proyecto tiene problemas muy serios. \u201cLa integraci\u00f3n, que beneficia principalmente a las grandes empresas, es la que mayor costo fiscal tiene. Son 800 millones de d\u00f3lares y, seg\u00fan otros c\u00e1lculos, son mil millones de d\u00f3lares\u201d. Destac\u00f3, adem\u00e1s, que la iniciativa busca quitarle atribuciones al Servicio de Impuestos Internos (SII) y debilitar la norma antielusi\u00f3n.<\/p>\n<p>En la ocasi\u00f3n se distribuyeron los siguientes documentos de trabajo:<\/p>\n<p>\u201cLa porfiada desigualdad desaf\u00eda los lugares comunes\u201d, de Clarisa Hardy;\u00a0 \u201c\u00bfProyecto pro Pyme?\u201d, del grupo de trabajo tributario; \u201cMedidas impulsadas por la reforma tributaria\u201d, del grupo de trabajo tributario; \u201cIntegrar o no integrar: \u00bfQu\u00e9 nos jugamos?\u201d, de Alejandro Micco; \u201cModificaciones propuestas a la norma general antielusi\u00f3n\u201d, de Francisco Saffie; y \u201cCr\u00e9dito especial para la construcci\u00f3n de viviendas 2004-2018\u201d, de la Biblioteca del Congreso Nacional.<\/p>\n","protected":false},"excerpt":{"rendered":"<p>Senadores, diputados, expertos y dirigentes gremiales acordaron crear dos instancias para tratar temas pol\u00edtico-t\u00e9cnicos y comunicacionales. Enfrentar en forma conjunta la tramitaci\u00f3n del proyecto de Reforma Tributaria presentado la semana pasada por el Gobierno, resolvieron este mediod\u00eda senadores y diputados de la oposici\u00f3n, tras una reuni\u00f3n que incluy\u00f3 a representantes de la DC, el PS, &hellip;<\/p>\n","protected":false},"author":2,"featured_media":2241,"comment_status":"closed","ping_status":"open","sticky":false,"template":"","format":"standard","meta":[],"categories":[2],"tags":[15],"_links":{"self":[{"href":"https:\/\/www.carlosmontes.cl\/senador\/wp-json\/wp\/v2\/posts\/2240"}],"collection":[{"href":"https:\/\/www.carlosmontes.cl\/senador\/wp-json\/wp\/v2\/posts"}],"about":[{"href":"https:\/\/www.carlosmontes.cl\/senador\/wp-json\/wp\/v2\/types\/post"}],"author":[{"embeddable":true,"href":"https:\/\/www.carlosmontes.cl\/senador\/wp-json\/wp\/v2\/users\/2"}],"replies":[{"embeddable":true,"href":"https:\/\/www.carlosmontes.cl\/senador\/wp-json\/wp\/v2\/comments?post=2240"}],"version-history":[{"count":1,"href":"https:\/\/www.carlosmontes.cl\/senador\/wp-json\/wp\/v2\/posts\/2240\/revisions"}],"predecessor-version":[{"id":2242,"href":"https:\/\/www.carlosmontes.cl\/senador\/wp-json\/wp\/v2\/posts\/2240\/revisions\/2242"}],"wp:featuredmedia":[{"embeddable":true,"href":"https:\/\/www.carlosmontes.cl\/senador\/wp-json\/wp\/v2\/media\/2241"}],"wp:attachment":[{"href":"https:\/\/www.carlosmontes.cl\/senador\/wp-json\/wp\/v2\/media?parent=2240"}],"wp:term":[{"taxonomy":"category","embeddable":true,"href":"https:\/\/www.carlosmontes.cl\/senador\/wp-json\/wp\/v2\/categories?post=2240"},{"taxonomy":"post_tag","embeddable":true,"href":"https:\/\/www.carlosmontes.cl\/senador\/wp-json\/wp\/v2\/tags?post=2240"}],"curies":[{"name":"wp","href":"https:\/\/api.w.org\/{rel}","templated":true}]}}