{"id":2218,"date":"2018-07-17T14:52:35","date_gmt":"2018-07-17T18:52:35","guid":{"rendered":"http:\/\/www.carlosmontes.cl\/senador\/?p=2218"},"modified":"2023-03-13T09:56:23","modified_gmt":"2023-03-13T12:56:23","slug":"presidente-del-senado-rinde-cuenta-publica-con-acento-en-mejora-del-trabajo-politico-y-de-la-relacion-con-la-sociedad","status":"publish","type":"post","link":"https:\/\/www.carlosmontes.cl\/senador\/presidente-del-senado-rinde-cuenta-publica-con-acento-en-mejora-del-trabajo-politico-y-de-la-relacion-con-la-sociedad\/","title":{"rendered":"Presidente del Senado rinde cuenta p\u00fablica con acento en mejora del trabajo pol\u00edtico y de la relaci\u00f3n con la sociedad"},"content":{"rendered":"<p><strong>Junto a su par de la C\u00e1mara de Diputados, la tambi\u00e9n socialista Maya Fern\u00e1ndez, las m\u00e1ximas autoridades del Congreso Nacional dieron cuenta a la ciudadan\u00eda del trabajo legislativo del \u00faltimo a\u00f1o y de los desaf\u00edos que deben enfrentar ambas corporaciones. <\/strong><\/p>\n<p>Enfatizando la importancia del Congreso Nacional en la vida democr\u00e1tica del pa\u00eds y la necesidad de adecuar su funcionamiento y su vinculaci\u00f3n con la ciudadan\u00eda al actual contexto social, el presidente del Senado, Carlos Montes, rindi\u00f3 esta ma\u00f1ana la cuenta p\u00fablica de la mesa que preside desde marzo de 2018.<\/p>\n<p>Durante su intervenci\u00f3n, el senador socialista destac\u00f3 los avances pol\u00edticos del \u00faltimo a\u00f1o, como el fin del sistema binominal, que ha posibilitado que \u201choy la sociedad chilena puede verse reflejada en el Parlamento con mayor nitidez, particularmente porque hay m\u00e1s j\u00f3venes, m\u00e1s mujeres, m\u00e1s diversidad cultural y muchos rostros nuevos\u201d.<\/p>\n<p>Adem\u00e1s, valor\u00f3 la acci\u00f3n de los movimientos sociales, destacando como ejemplo a la llamada \u201cola feminista\u201d, a la que calific\u00f3 como un \u201ccambio cultural que trasciende la acci\u00f3n legislativa, que expresa nuevas formas de ciudadan\u00eda y una democracia viva en la base social\u201d.<\/p>\n<p>En ese sentido, el titular del Senado llam\u00f3 a todos los actores pol\u00edticos a buscar respuestas para seguir avanzando en las necesidades de la sociedad chilena, asegurando que \u201ces nuestro deber representar y dar cuenta de estas nuevas realidades. Abrir nuestras puertas, hacernos parte y acoger en las leyes estas nuevas agendas y desaf\u00edos por m\u00e1s igualdad y reconocimiento\u201d.<\/p>\n<p>El desaf\u00edo, asegur\u00f3 Montes, \u201ces urgente: debemos cambiar algunas de nuestras pr\u00e1cticas y mejorar nuestra relaci\u00f3n con la sociedad. Es hora de actuar para iniciar un proceso de recuperaci\u00f3n de la confianza. No es f\u00e1cil ni ser\u00e1 breve. Lo importante es comenzar gradual y sostenidamente con acciones claras, en varios sentidos\u201d.<\/p>\n<p>Siguiendo esa l\u00ednea, el presidente del Senado asegur\u00f3 que es necesario incrementar la participaci\u00f3n ciudadana, seguir avanzando en transparencia e involucrarse y actuar con eficiencia por dar soluci\u00f3n a los problemas cotidianos de las personas.<\/p>\n<p><strong>Aporte al debate nacional y al trabajo legislativo <\/strong><\/p>\n<p>En este \u00e1mbito, el senador Montes destac\u00f3, como una de las acciones que se han concretado durante los cuatro meses que lleva al mando de la Corporaci\u00f3n, un proyecto experimental -aprobado por todos los comit\u00e9s- que promueve un debate m\u00e1s profundo y claro de proyectos de ley priorizados, los que adem\u00e1s contar\u00e1n con una revisi\u00f3n t\u00e9cnica m\u00e1s acabada.<\/p>\n<p>Adem\u00e1s, manifest\u00f3 que debe avanzarse en la concreci\u00f3n de una reforma a la Biblioteca del Congreso Nacional, dependiente de ambas c\u00e1maras; en la creaci\u00f3n de la Oficina de Presupuesto del Congreso Nacional, en la generaci\u00f3n de una Comisi\u00f3n Bicameral de Relaciones Exteriores y en el impulso a una agencia p\u00fablica de evaluaci\u00f3n de los programas p\u00fablicos.<\/p>\n<p>En un plano m\u00e1s amplio, Montes record\u00f3 la importancia de reiterar que el Congreso Nacional es el lugar en donde deben debatirse los grandes temas nacionales y tomarse las decisiones de manera democr\u00e1tica, y asegur\u00f3 que resulta necesario abrir la discusi\u00f3n sobre, al menos, dos temas ineludibles: una nueva Constituci\u00f3n y el modelo de desarrollo productivo del pa\u00eds.<\/p>\n<p><strong>Senado m\u00e1s ciudadano <\/strong><\/p>\n<p>Destacando lo fundamental de \u201cpasar \u00a0otra etapa en la relaci\u00f3n con la ciudadan\u00eda\u201d, el titular de la C\u00e1mara Alta valor\u00f3 la modernizaci\u00f3n del sitio web institucional del Senado y el aumento de un 300%, respecto de igual per\u00edodo del a\u00f1o anterior, de las transmisiones de sesiones de comisiones a trav\u00e9s de TV Senado.<\/p>\n<p>Asimismo, destac\u00f3 Montes, desde marzo a la fecha se ha avanzado en materia de transparencia, incorporando nueva informaci\u00f3n al acceso ciudadano, como contratos de arriendo y asesor\u00edas, gastos de la presidencia y vicepresidencia, vi\u00e1ticos al exterior\u00a0 e informes de asesor\u00edas externas.<\/p>\n<p>En t\u00e9rminos de actividades orientadas a la ciudadan\u00eda, el presidente del Senado recalc\u00f3 los dos\u00a0 encuentros \u201ccon m\u00e1s de 600 j\u00f3venes que dialogan con los 3 Poderes del Estado\u201d y otras iniciativas (foros, paneles, talleres y seminarios) sobre temas como feminismo, recursos h\u00eddricos, movilidad vial, ley de cultos, reforma tributaria, educaci\u00f3n superior, reforma municipal y una l\u00ednea de apoyo a docentes para formaci\u00f3n c\u00edvica y ciudadana.<\/p>\n<p>El objetivo de estos esfuerzos es \u201cconvertir al edificio de Santiago en un centro cultural ciudadano, que promueva el debate, di\u00e1logo, y la formaci\u00f3n ciudadana, con la idea de que esto tambi\u00e9n se haga posteriormente en Valpara\u00edso\u201d, dijo el presidente Montes.<\/p>\n<p><strong>Modernizaci\u00f3n institucional <\/strong><\/p>\n<p>En el \u00e1mbito interno, Montes destac\u00f3 la actualizaci\u00f3n de las normas sobre acoso sexual y laboral para todo el personal y el trabajo que, en ese sentido, est\u00e1 realizando la Comisi\u00f3n de \u00c9tica, con el fin de actualizar las disposiciones en lo que se refiere a los parlamentarios y parlamentarias. Relev\u00f3 tambi\u00e9n la propuesta, coordinada con el Ministerio del Medio Ambiente, para convertir las instalaciones en Santiago y Valpara\u00edso en edificios \u201cverdes\u201d.<\/p>\n<p>Finalmente, el senador Montes se refiri\u00f3 a las necesarias modernizaciones institucionales que requiere el Senado, asegurando que deben realizarse cambios en la estructura de la direcci\u00f3n y administraci\u00f3n de la corporaci\u00f3n.<\/p>\n<p>\u201cFormulamos una propuesta que contempla un secretario general y tres prosecretarios: legislativo, administrativo, y de comunicaci\u00f3n y tecnolog\u00eda\u201d, sostuvo el titular del Senado, indicando que \u201ctambi\u00e9n se estima necesario precisar el rol de la reuni\u00f3n de comit\u00e9s y de la Comisi\u00f3n de R\u00e9gimen Interno\u201d.<\/p>\n<p>&nbsp;<\/p>\n<p>Puedes descargar el discurso completo en el siguiente enlace:\u00a0https:\/\/goo.gl\/dWLF9c<\/p>\n","protected":false},"excerpt":{"rendered":"<p>Junto a su par de la C\u00e1mara de Diputados, la tambi\u00e9n socialista Maya Fern\u00e1ndez, las m\u00e1ximas autoridades del Congreso Nacional dieron cuenta a la ciudadan\u00eda del trabajo legislativo del \u00faltimo a\u00f1o y de los desaf\u00edos que deben enfrentar ambas corporaciones. Enfatizando la importancia del Congreso Nacional en la vida democr\u00e1tica del pa\u00eds y la necesidad &hellip;<\/p>\n","protected":false},"author":2,"featured_media":2219,"comment_status":"closed","ping_status":"open","sticky":false,"template":"","format":"standard","meta":[],"categories":[2],"tags":[1101,1057,1090,1100,1102,636],"_links":{"self":[{"href":"https:\/\/www.carlosmontes.cl\/senador\/wp-json\/wp\/v2\/posts\/2218"}],"collection":[{"href":"https:\/\/www.carlosmontes.cl\/senador\/wp-json\/wp\/v2\/posts"}],"about":[{"href":"https:\/\/www.carlosmontes.cl\/senador\/wp-json\/wp\/v2\/types\/post"}],"author":[{"embeddable":true,"href":"https:\/\/www.carlosmontes.cl\/senador\/wp-json\/wp\/v2\/users\/2"}],"replies":[{"embeddable":true,"href":"https:\/\/www.carlosmontes.cl\/senador\/wp-json\/wp\/v2\/comments?post=2218"}],"version-history":[{"count":1,"href":"https:\/\/www.carlosmontes.cl\/senador\/wp-json\/wp\/v2\/posts\/2218\/revisions"}],"predecessor-version":[{"id":2220,"href":"https:\/\/www.carlosmontes.cl\/senador\/wp-json\/wp\/v2\/posts\/2218\/revisions\/2220"}],"wp:featuredmedia":[{"embeddable":true,"href":"https:\/\/www.carlosmontes.cl\/senador\/wp-json\/wp\/v2\/media\/2219"}],"wp:attachment":[{"href":"https:\/\/www.carlosmontes.cl\/senador\/wp-json\/wp\/v2\/media?parent=2218"}],"wp:term":[{"taxonomy":"category","embeddable":true,"href":"https:\/\/www.carlosmontes.cl\/senador\/wp-json\/wp\/v2\/categories?post=2218"},{"taxonomy":"post_tag","embeddable":true,"href":"https:\/\/www.carlosmontes.cl\/senador\/wp-json\/wp\/v2\/tags?post=2218"}],"curies":[{"name":"wp","href":"https:\/\/api.w.org\/{rel}","templated":true}]}}