{"id":2170,"date":"2018-05-28T08:57:31","date_gmt":"2018-05-28T12:57:31","guid":{"rendered":"http:\/\/www.carlosmontes.cl\/senador\/?p=2170"},"modified":"2023-03-13T09:58:29","modified_gmt":"2023-03-13T12:58:29","slug":"presidente-del-senado-destaca-participacion-de-la-ciudadania-en-jornada-de-celebracion-del-dia-del-patrimonio","status":"publish","type":"post","link":"https:\/\/www.carlosmontes.cl\/senador\/presidente-del-senado-destaca-participacion-de-la-ciudadania-en-jornada-de-celebracion-del-dia-del-patrimonio\/","title":{"rendered":"Presidente del Senado destaca participaci\u00f3n de la ciudadan\u00eda en jornada de celebraci\u00f3n del D\u00eda del Patrimonio"},"content":{"rendered":"<p><strong>Junto a la presidenta de la C\u00e1mara de Diputados, Maya Fern\u00e1ndez, el senador Carlos Montes acompa\u00f1\u00f3 a los primeros visitantes que llegaron hasta la sede del Congreso Nacional en Santiago a recorrer sus principales salones. <\/strong><\/p>\n<p>Como una gran iniciativa, que permite a la ciudadan\u00eda conocer m\u00e1s de la historia nacional, calific\u00f3 esta ma\u00f1ana el presidente del Senado, Carlos Montes, la celebraci\u00f3n del D\u00eda del Patrimonio Cultural.<\/p>\n<p>Junto a la presidenta de la C\u00e1mara de Diputados, Maya Fern\u00e1ndez, Montes acompa\u00f1\u00f3 al primer grupo de visitantes que lleg\u00f3 hasta la sede del Congreso Nacional en Santiago, para recorrer los espacios m\u00e1s importantes de este hist\u00f3rico edificio, que fue inaugurado en 1876 por el Presidente Federico Err\u00e1zuriz Za\u00f1artu.<\/p>\n<p>\u201cEs muy importante lo que se ha venido generando durante todos estos a\u00f1os que se ha estado celebrando el D\u00eda del Patrimonio. Hay muchos ciudadanos y ciudadanas que se interesan y conocen otra realidad de la historia de Chile, de la historia patrimonial y todo lo que eso implica\u201d, se\u00f1al\u00f3 el presidente del Senado, tras acompa\u00f1ar a m\u00e1s de 50 personas en el recorrido por las antiguas salas de sesiones de ambas c\u00e1maras, el Sal\u00f3n de Honor del Congreso Nacional y el Sal\u00f3n de los Presidentes.<\/p>\n<p>El senador Montes destac\u00f3 el entusiasmo de las personas por visitar este y otros espacios hist\u00f3ricos y patrimoniales durante estas jornadas, especialmente a los \u201cj\u00f3venes, que han venido con mucho inter\u00e9s por conocer nuestra historia. Esto demuestra el acierto que se tuvo al abrir este D\u00eda del Patrimonio, que ha tenido gran \u00e9xito durante estos a\u00f1os\u201d.<\/p>\n","protected":false},"excerpt":{"rendered":"<p>Junto a la presidenta de la C\u00e1mara de Diputados, Maya Fern\u00e1ndez, el senador Carlos Montes acompa\u00f1\u00f3 a los primeros visitantes que llegaron hasta la sede del Congreso Nacional en Santiago a recorrer sus principales salones. Como una gran iniciativa, que permite a la ciudadan\u00eda conocer m\u00e1s de la historia nacional, calific\u00f3 esta ma\u00f1ana el presidente &hellip;<\/p>\n","protected":false},"author":2,"featured_media":2171,"comment_status":"closed","ping_status":"open","sticky":false,"template":"","format":"standard","meta":[],"categories":[2],"tags":[1090,499,1089,1091,203],"_links":{"self":[{"href":"https:\/\/www.carlosmontes.cl\/senador\/wp-json\/wp\/v2\/posts\/2170"}],"collection":[{"href":"https:\/\/www.carlosmontes.cl\/senador\/wp-json\/wp\/v2\/posts"}],"about":[{"href":"https:\/\/www.carlosmontes.cl\/senador\/wp-json\/wp\/v2\/types\/post"}],"author":[{"embeddable":true,"href":"https:\/\/www.carlosmontes.cl\/senador\/wp-json\/wp\/v2\/users\/2"}],"replies":[{"embeddable":true,"href":"https:\/\/www.carlosmontes.cl\/senador\/wp-json\/wp\/v2\/comments?post=2170"}],"version-history":[{"count":1,"href":"https:\/\/www.carlosmontes.cl\/senador\/wp-json\/wp\/v2\/posts\/2170\/revisions"}],"predecessor-version":[{"id":2172,"href":"https:\/\/www.carlosmontes.cl\/senador\/wp-json\/wp\/v2\/posts\/2170\/revisions\/2172"}],"wp:featuredmedia":[{"embeddable":true,"href":"https:\/\/www.carlosmontes.cl\/senador\/wp-json\/wp\/v2\/media\/2171"}],"wp:attachment":[{"href":"https:\/\/www.carlosmontes.cl\/senador\/wp-json\/wp\/v2\/media?parent=2170"}],"wp:term":[{"taxonomy":"category","embeddable":true,"href":"https:\/\/www.carlosmontes.cl\/senador\/wp-json\/wp\/v2\/categories?post=2170"},{"taxonomy":"post_tag","embeddable":true,"href":"https:\/\/www.carlosmontes.cl\/senador\/wp-json\/wp\/v2\/tags?post=2170"}],"curies":[{"name":"wp","href":"https:\/\/api.w.org\/{rel}","templated":true}]}}