{"id":2147,"date":"2018-04-10T10:00:48","date_gmt":"2018-04-10T13:00:48","guid":{"rendered":"http:\/\/www.carlosmontes.cl\/senador\/?p=2147"},"modified":"2023-03-13T09:57:58","modified_gmt":"2023-03-13T12:57:58","slug":"senador-montes-valora-avances-en-materia-de-transparencia-y-probidad-y-llama-a-continuar-fortaleciendo-ambas-areas-desde-el-estado","status":"publish","type":"post","link":"https:\/\/www.carlosmontes.cl\/senador\/senador-montes-valora-avances-en-materia-de-transparencia-y-probidad-y-llama-a-continuar-fortaleciendo-ambas-areas-desde-el-estado\/","title":{"rendered":"Senador Montes valora avances en materia de transparencia y probidad y llama a continuar fortaleciendo ambas \u00e1reas desde el Estado"},"content":{"rendered":"<p><strong><em>En foro organizado por el Banco Mundial y el Grupo Bicameral de Transparencia del Congreso Nacional, el senador Carlos Montes insisti\u00f3 en la importancia de profundizar lo que existe hoy en d\u00eda <\/em><\/strong><\/p>\n<p>Esta ma\u00f1ana, junto a la presidenta de la C\u00e1mara de Diputados, Maya Fern\u00e1ndez; la presidenta del Grupo Bicameral de Transparencia del Congreso, diputada Paulina N\u00fa\u00f1ez; y Gast\u00f3n Blanco, representante del Banco Mundial en Chile; el presidente del Senado, Carlos Montes, inaugur\u00f3 el \u201cTaller de prevenci\u00f3n de la corrupci\u00f3n desde los parlamentos y otros organismos del Estado\u201d, realizado en la sede del ex Congreso Nacional.<\/p>\n<p>En la instancia, el parlamentario reflexion\u00f3 sobre los avances que Chile ha mostrado en las \u00faltimas d\u00e9cadas en materia de probidad y transparencia, destacando como pasos fundamentales la Ley de Transparencia promulgada el 2008 y la agenda de probidad, con iniciativas legales y administrativas, impulsada por el gobierno de la ex Presidenta Michelle Bachelet desde el 2014.<\/p>\n<p>\u201cEn transparencia creo que el paso fundamental fue la aprobaci\u00f3n e implementaci\u00f3n de la Ley de Transparencia. Eso cambi\u00f3 el concepto, cambi\u00f3 la percepci\u00f3n del pa\u00eds ygener\u00f3 otra cultura. Influy\u00f3 muy fuertemente, porque el tener acceso a la informaci\u00f3n de lo que ocurre en el Estado en distintas dimensionespas\u00f3 a ser un derecho y eso ha permitido que avancen otras leyes\u201d, se\u00f1al\u00f3 el senador.<\/p>\n<p>En cuanto a probidad, Montes destac\u00f3 \u201cel coraje y la convicci\u00f3n\u201d del Gobierno de la ex Presidenta Bachelet y del Parlamento para enfrentar \u201cdesde la ra\u00edz\u201d los problemas conocidos tras los casos de financiamiento ilegal de campa\u00f1as pol\u00edticas, lo que se encauz\u00f3 a trav\u00e9s de una agenda que \u201ctermin\u00f3 con el aporte de las empresas, que estableci\u00f3 el aporte p\u00fablico en otro nivel, sanciones mayores, organizaci\u00f3n aut\u00f3noma de la fiscalizaci\u00f3n del Servel\u201d, entre otras medidas.<\/p>\n<p>En el \u00e1mbito de probidad el a\u00f1o 2014 marc\u00f3 un hito en la historia de Chile. Queda en evidencia algo en que los chilenos ten\u00edamos cierto orgullo de que hab\u00eda niveles de funcionamiento del Estado o de la sociedad distinto. Y se ve que hay falta de transparencia y de probidad en la relaci\u00f3n dinero pol\u00edtica.<\/p>\n<p>&nbsp;<\/p>\n<p><strong>Temas pendientes <\/strong><\/p>\n<p>Junto con destacar lo avanzado, el presidente de la C\u00e1mara Alta reconoci\u00f3 que a\u00fan quedan temas pendientes para seguir profundizando en esta \u00e1rea. \u201cHay mucho que mejorar a\u00fan para facilitar m\u00e1s la transparencia, el control y el acceso a la informaci\u00f3n. Tenemos que mejorar el acceso de todo lo que est\u00e1 disponible hoy d\u00eda\u201d, asegur\u00f3.<\/p>\n<p>Adem\u00e1s, plante\u00f3 que el Parlamento no s\u00f3lo debe actuar \u201cdesde las ideas generales, sino tambi\u00e9n frente de la realidad\u201d. En esa l\u00ednea, el parlamentario puntualiz\u00f3 que \u201ctenemos un par de luces rojas que debemos asumir, porque son muy graves\u201d, como la situaci\u00f3n que ha afectado a Carabineros deChile y tambi\u00e9n lo que ocurre en los municipios.<\/p>\n<p>Finalmente, el presidente del Senado manifest\u00f3 su convicci\u00f3n en que \u201cel deterioro de la confianza y la distancia de la pol\u00edtica con los ciudadanos tiene razones de diverso orden, y uno de ellos es el reproche a pr\u00e1cticas indebidas e il\u00edcitas. Tenemos que seguir avanzando para enfrentarlas y generar mecanismos mejores para el control ciudadano\u201d.<\/p>\n<p>\u201cPara reconstruir confianza es necesario que el Senado y todo el Congreso asuma el desaf\u00edo de empezar a reconstruir la confianza.Lo peor que podemos hacer es actuar como si nada de esto ocurriera. Tenemos que asumir esos temas y ser mucho m\u00e1s activos en la visi\u00f3n institucional y en la relaci\u00f3n del dinero, la pol\u00edtica y las influencias\u201d.<\/p>\n<p>&nbsp;<\/p>\n","protected":false},"excerpt":{"rendered":"<p>En foro organizado por el Banco Mundial y el Grupo Bicameral de Transparencia del Congreso Nacional, el senador Carlos Montes insisti\u00f3 en la importancia de profundizar lo que existe hoy en d\u00eda Esta ma\u00f1ana, junto a la presidenta de la C\u00e1mara de Diputados, Maya Fern\u00e1ndez; la presidenta del Grupo Bicameral de Transparencia del Congreso, diputada &hellip;<\/p>\n","protected":false},"author":2,"featured_media":2148,"comment_status":"closed","ping_status":"open","sticky":false,"template":"","format":"standard","meta":[],"categories":[6,2],"tags":[1074,137,1073,413,1071,46,1070,43,180,700,533,1072,416],"_links":{"self":[{"href":"https:\/\/www.carlosmontes.cl\/senador\/wp-json\/wp\/v2\/posts\/2147"}],"collection":[{"href":"https:\/\/www.carlosmontes.cl\/senador\/wp-json\/wp\/v2\/posts"}],"about":[{"href":"https:\/\/www.carlosmontes.cl\/senador\/wp-json\/wp\/v2\/types\/post"}],"author":[{"embeddable":true,"href":"https:\/\/www.carlosmontes.cl\/senador\/wp-json\/wp\/v2\/users\/2"}],"replies":[{"embeddable":true,"href":"https:\/\/www.carlosmontes.cl\/senador\/wp-json\/wp\/v2\/comments?post=2147"}],"version-history":[{"count":1,"href":"https:\/\/www.carlosmontes.cl\/senador\/wp-json\/wp\/v2\/posts\/2147\/revisions"}],"predecessor-version":[{"id":2149,"href":"https:\/\/www.carlosmontes.cl\/senador\/wp-json\/wp\/v2\/posts\/2147\/revisions\/2149"}],"wp:featuredmedia":[{"embeddable":true,"href":"https:\/\/www.carlosmontes.cl\/senador\/wp-json\/wp\/v2\/media\/2148"}],"wp:attachment":[{"href":"https:\/\/www.carlosmontes.cl\/senador\/wp-json\/wp\/v2\/media?parent=2147"}],"wp:term":[{"taxonomy":"category","embeddable":true,"href":"https:\/\/www.carlosmontes.cl\/senador\/wp-json\/wp\/v2\/categories?post=2147"},{"taxonomy":"post_tag","embeddable":true,"href":"https:\/\/www.carlosmontes.cl\/senador\/wp-json\/wp\/v2\/tags?post=2147"}],"curies":[{"name":"wp","href":"https:\/\/api.w.org\/{rel}","templated":true}]}}