{"id":2038,"date":"2017-03-16T12:30:35","date_gmt":"2017-03-16T15:30:35","guid":{"rendered":"http:\/\/www.carlosmontes.cl\/senador\/?p=2038"},"modified":"2023-03-13T09:59:34","modified_gmt":"2023-03-13T12:59:34","slug":"senador-montes-enfatiza-necesidad-de-mejorar-el-transantiago","status":"publish","type":"post","link":"https:\/\/www.carlosmontes.cl\/senador\/senador-montes-enfatiza-necesidad-de-mejorar-el-transantiago\/","title":{"rendered":"Senador Montes enfatiza necesidad de mejorar el Transantiago"},"content":{"rendered":"<p>En su <a href=\"https:\/\/youtu.be\/s0gUAnpnrS0\">intervenci\u00f3n<\/a>,\u00a0el\u00a0legislador rese\u00f1\u00f3 los diversos sistemas de transporte que ha tenido la capital. Record\u00f3 que en las \u00faltimas d\u00e9cadas se pas\u00f3 de un servicio estatal, la Empresa de Transportes Colectivos del Estado a una completa privatizaci\u00f3n, basada en la l\u00f3gica del mercado y la competencia, lo que gener\u00f3 problemas de accidentabilidad, contaminaci\u00f3n, congesti\u00f3n y otros da\u00f1os a la ciudad.<\/p>\n<p>Explic\u00f3 que el Transantiago busc\u00f3 compatibilizar la participaci\u00f3n de operadores privados con la planificaci\u00f3n central, pero que no tuvo los resultados esperados, producto de diversas falencias de origen, tales como la falta de institucionalidad p\u00fablica para dirigir el sistema y la ausencia de un subsidio estatal.<\/p>\n<p>A lo anterior, a\u00f1adi\u00f3 las dificultades propias de haber implementado el plan en un momento en que las orientaciones de origen y destino de los usuarios estaban cambiando. \u00abEl centro de la ciudad se desplaz\u00f3 al barrio alto\u00bb &#8211; afirm\u00f3, lo que\u00a0gener\u00f3 diversas inconsistencias en la malla de recorridos.<\/p>\n<p>El parlamentario replic\u00f3 duramente las acusaciones de la derecha, en el sentido que el Transantiago es la peor pol\u00edtica p\u00fablica de la historia. Sin desconocer los evidentes problemas del sistema de transportes, reproch\u00f3 a la derecha la pol\u00edtica de privatizaciones y otras medidas, adoptadas durante el Gobierno militar y la administraci\u00f3n de Sebasti\u00e1n Pi\u00f1era.<\/p>\n<p>Remarc\u00f3 que el desaf\u00edo es c\u00f3mo arreglar el Transantiago,\u00a0recogiendo\u00a0algunos principios contenidos en su dise\u00f1o, pero \u00a0corrigiendo aspectos deficitarios, tales como las condiciones contractuales, el control de la evasi\u00f3n, al tiempo que se\u00a0mejoran las condiciones de la ciudad, con nuevas l\u00edneas de Metro y v\u00edas segregadas.\u00a0Indic\u00f3 que estos mejoramientos deben ir de la mano de un cambio cultural que refuerce el cumplimiento de pago.<\/p>\n","protected":false},"excerpt":{"rendered":"<p>En su intervenci\u00f3n,\u00a0el\u00a0legislador rese\u00f1\u00f3 los diversos sistemas de transporte que ha tenido la capital. Record\u00f3 que en las \u00faltimas d\u00e9cadas se pas\u00f3 de un servicio estatal, la Empresa de Transportes Colectivos del Estado a una completa privatizaci\u00f3n, basada en la l\u00f3gica del mercado y la competencia, lo que gener\u00f3 problemas de accidentabilidad, contaminaci\u00f3n, congesti\u00f3n y &hellip;<\/p>\n","protected":false},"author":2,"featured_media":2039,"comment_status":"closed","ping_status":"open","sticky":false,"template":"","format":"standard","meta":[],"categories":[11,2],"tags":[990,991,714,32,992,989,234,417,326,987,986,437,505,719,993,988,151,712,994,184,713,587,198,446],"_links":{"self":[{"href":"https:\/\/www.carlosmontes.cl\/senador\/wp-json\/wp\/v2\/posts\/2038"}],"collection":[{"href":"https:\/\/www.carlosmontes.cl\/senador\/wp-json\/wp\/v2\/posts"}],"about":[{"href":"https:\/\/www.carlosmontes.cl\/senador\/wp-json\/wp\/v2\/types\/post"}],"author":[{"embeddable":true,"href":"https:\/\/www.carlosmontes.cl\/senador\/wp-json\/wp\/v2\/users\/2"}],"replies":[{"embeddable":true,"href":"https:\/\/www.carlosmontes.cl\/senador\/wp-json\/wp\/v2\/comments?post=2038"}],"version-history":[{"count":1,"href":"https:\/\/www.carlosmontes.cl\/senador\/wp-json\/wp\/v2\/posts\/2038\/revisions"}],"predecessor-version":[{"id":2040,"href":"https:\/\/www.carlosmontes.cl\/senador\/wp-json\/wp\/v2\/posts\/2038\/revisions\/2040"}],"wp:featuredmedia":[{"embeddable":true,"href":"https:\/\/www.carlosmontes.cl\/senador\/wp-json\/wp\/v2\/media\/2039"}],"wp:attachment":[{"href":"https:\/\/www.carlosmontes.cl\/senador\/wp-json\/wp\/v2\/media?parent=2038"}],"wp:term":[{"taxonomy":"category","embeddable":true,"href":"https:\/\/www.carlosmontes.cl\/senador\/wp-json\/wp\/v2\/categories?post=2038"},{"taxonomy":"post_tag","embeddable":true,"href":"https:\/\/www.carlosmontes.cl\/senador\/wp-json\/wp\/v2\/tags?post=2038"}],"curies":[{"name":"wp","href":"https:\/\/api.w.org\/{rel}","templated":true}]}}