{"id":1997,"date":"2016-09-27T15:25:04","date_gmt":"2016-09-27T18:25:04","guid":{"rendered":"http:\/\/www.carlosmontes.cl\/senador\/?p=1997"},"modified":"2023-03-13T10:00:02","modified_gmt":"2023-03-13T13:00:02","slug":"senador-montes-llama-a-recuperar-caracter-publico-de-inacap","status":"publish","type":"post","link":"https:\/\/www.carlosmontes.cl\/senador\/senador-montes-llama-a-recuperar-caracter-publico-de-inacap\/","title":{"rendered":"Senador Montes llama a recuperar car\u00e1cter p\u00fablico de INACAP"},"content":{"rendered":"<p style=\"text-align: justify;\">El senador Carlos Montes expres\u00f3, en una <a title=\"Columna INACAP\" href=\"http:\/\/www.latercera.com\/noticia\/opinion\/correos-de-los-lectores\/2016\/09\/896-696945-9-situacion-de-inacap.shtml\" target=\"_blank\" rel=\"noopener\">columna publicada en La Tercera<\/a>, su posici\u00f3n respecto de la situaci\u00f3n del Instituto Profesional INACAP. \u00abEl legislador remarc\u00f3 que \u00e9ste\u00a0nunca se privatiz\u00f3, s\u00f3lo cambi\u00f3 su administraci\u00f3n\u00bb, explicando que \u00abel entonces coronel Letelier Skinner, vicepresidente de Corfo, en las postrimer\u00edas de la dictadura decidi\u00f3 retirar a Corfo del directorio de Inacap\u00bb. \u00abFruto de ello, mediante un decreto, se aprobaron reformas a los estatutos instalando\u00a0en el Consejo Directivo a representantes de la Corporaci\u00f3n de la Producci\u00f3n y el Comercio (CPC) y de otros gremios empresariales\u00bb &#8211; detall\u00f3.<\/p>\n<p style=\"text-align: justify;\">El\u00a0parlamentario sostuvo que el desaf\u00edo actual es fortalecer el car\u00e1cter p\u00fablico de Inacap. A su juicio, esto \u00absignifica recuperar un rol central en el sistema de capacitaci\u00f3n de trabajadores; formar t\u00e9cnicos para las necesidades prioritarias, actuales y futuras, de regiones y sectores productivos y asumir la formaci\u00f3n de j\u00f3venes sin oficio, aunque no generen excedentes\u00bb.<\/p>\n<p style=\"text-align: justify;\">Montes remarca la importancia de ello para avanzar en una nueva etapa de desarrollo para el pa\u00eds. \u00abChile necesita pasar a otra etapa en su desarrollo. Agregar valor a sus recursos y productos; hacer de conocimientos e innovaci\u00f3n las claves para modernizar a los sectores m\u00e1s atrasados; priorizar un nuevo tipo de industrializaci\u00f3n, es indispensable. La capacitaci\u00f3n de calidad de los trabajadores y la formaci\u00f3n de t\u00e9cnicos pertinentes son un factor esencial. Algo tenemos que mejorar cuando las plantas solares del norte se implementan con t\u00e9cnicos b\u00falgaros o las l\u00edneas el\u00e9ctricas con especialistas peruanos\u00bb &#8211; indic\u00f3.<\/p>\n","protected":false},"excerpt":{"rendered":"<p>El senador Carlos Montes expres\u00f3, en una columna publicada en La Tercera, su posici\u00f3n respecto de la situaci\u00f3n del Instituto Profesional INACAP. \u00abEl legislador remarc\u00f3 que \u00e9ste\u00a0nunca se privatiz\u00f3, s\u00f3lo cambi\u00f3 su administraci\u00f3n\u00bb, explicando que \u00abel entonces coronel Letelier Skinner, vicepresidente de Corfo, en las postrimer\u00edas de la dictadura decidi\u00f3 retirar a Corfo del directorio &hellip;<\/p>\n","protected":false},"author":2,"featured_media":1998,"comment_status":"closed","ping_status":"open","sticky":false,"template":"","format":"standard","meta":[],"categories":[7,2],"tags":[162,366,334,903,207,706,954,658,950,320,288,370,951,686,682,763,681,680,123],"_links":{"self":[{"href":"https:\/\/www.carlosmontes.cl\/senador\/wp-json\/wp\/v2\/posts\/1997"}],"collection":[{"href":"https:\/\/www.carlosmontes.cl\/senador\/wp-json\/wp\/v2\/posts"}],"about":[{"href":"https:\/\/www.carlosmontes.cl\/senador\/wp-json\/wp\/v2\/types\/post"}],"author":[{"embeddable":true,"href":"https:\/\/www.carlosmontes.cl\/senador\/wp-json\/wp\/v2\/users\/2"}],"replies":[{"embeddable":true,"href":"https:\/\/www.carlosmontes.cl\/senador\/wp-json\/wp\/v2\/comments?post=1997"}],"version-history":[{"count":2,"href":"https:\/\/www.carlosmontes.cl\/senador\/wp-json\/wp\/v2\/posts\/1997\/revisions"}],"predecessor-version":[{"id":2335,"href":"https:\/\/www.carlosmontes.cl\/senador\/wp-json\/wp\/v2\/posts\/1997\/revisions\/2335"}],"wp:featuredmedia":[{"embeddable":true,"href":"https:\/\/www.carlosmontes.cl\/senador\/wp-json\/wp\/v2\/media\/1998"}],"wp:attachment":[{"href":"https:\/\/www.carlosmontes.cl\/senador\/wp-json\/wp\/v2\/media?parent=1997"}],"wp:term":[{"taxonomy":"category","embeddable":true,"href":"https:\/\/www.carlosmontes.cl\/senador\/wp-json\/wp\/v2\/categories?post=1997"},{"taxonomy":"post_tag","embeddable":true,"href":"https:\/\/www.carlosmontes.cl\/senador\/wp-json\/wp\/v2\/tags?post=1997"}],"curies":[{"name":"wp","href":"https:\/\/api.w.org\/{rel}","templated":true}]}}