{"id":1995,"date":"2016-09-27T15:15:00","date_gmt":"2016-09-27T18:15:00","guid":{"rendered":"http:\/\/www.carlosmontes.cl\/senador\/?p=1995"},"modified":"2023-03-13T10:00:07","modified_gmt":"2023-03-13T13:00:07","slug":"inacap-de-caracter-publico","status":"publish","type":"post","link":"https:\/\/www.carlosmontes.cl\/senador\/inacap-de-caracter-publico\/","title":{"rendered":"INACAP de car\u00e1cter p\u00fablico"},"content":{"rendered":"<p style=\"text-align: justify;\">Inacap nunca se privatiz\u00f3, s\u00f3lo cambi\u00f3 su administraci\u00f3n. Fue creado por el Estado en 1966, como corporaci\u00f3n privada, sin fines de lucro, siendo presidente Eduardo Frei Montalva.<\/p>\n<p>El entonces coronel Letelier Skinner, vicepresidente de Corfo, en las postrimer\u00edas de la dictadura decidi\u00f3 retirar a Corfo del directorio de Inacap. El gobierno de Pinochet mediante un decreto aprob\u00f3\u00a0 reformas a los estatutos e instal\u00f3 en el Consejo Directivo a representantes de la Corporaci\u00f3n de la Producci\u00f3n y el Comercio (CPC) y de otros gremios empresariales. El Estado mantuvo hasta hoy un director.<\/p>\n<p>Fortalecer el car\u00e1cter p\u00fablico de Inacap es el desaf\u00edo. Significa recuperar un rol central en el sistema de capacitaci\u00f3n de trabajadores; formar t\u00e9cnicos para las necesidades prioritarias, actuales y futuras, de regiones y sectores productivos y asumir la formaci\u00f3n de j\u00f3venes sin oficio, aunque no generen excedentes. El fin de la l\u00f3gica del lucro y el avance en gratuidad tambi\u00e9n son necesarios.<\/p>\n<p>Chile necesita pasar a otra etapa en su desarrollo. Agregar valor a sus recursos y productos; hacer de conocimientos e innovaci\u00f3n las claves para modernizar a los sectores m\u00e1s atrasados; priorizar un nuevo tipo de industrializaci\u00f3n, es indispensable. La capacitaci\u00f3n de calidad de los trabajadores y la formaci\u00f3n de t\u00e9cnicos pertinentes son un factor esencial. Algo tenemos que mejorar cuando las plantas solares del norte se implementan con t\u00e9cnicos b\u00falgaros o las l\u00edneas el\u00e9ctricas con especialistas peruanos.<\/p>\n<p>Al cumplir 50 a\u00f1os, Inacap ha acumulado una gran capacidad y experiencia en la formaci\u00f3n t\u00e9cnica profesional. Ha llegado el momento de fortalecer su car\u00e1cter p\u00fablico incorporando a otros sectores en el directorio y asumiendo con mayor fuerza los desaf\u00edos de futuro para Chile.<\/p>\n<p>Columna publicada en La Tercera 17\/09\/2016<\/p>\n","protected":false},"excerpt":{"rendered":"<p>Inacap nunca se privatiz\u00f3, s\u00f3lo cambi\u00f3 su administraci\u00f3n. Fue creado por el Estado en 1966, como corporaci\u00f3n privada, sin fines de lucro, siendo presidente Eduardo Frei Montalva. El entonces coronel Letelier Skinner, vicepresidente de Corfo, en las postrimer\u00edas de la dictadura decidi\u00f3 retirar a Corfo del directorio de Inacap. El gobierno de Pinochet mediante un &hellip;<\/p>\n","protected":false},"author":2,"featured_media":0,"comment_status":"closed","ping_status":"open","sticky":false,"template":"","format":"standard","meta":[],"categories":[14],"tags":[162,366,952,334,18,268,274,207,954,658,953,950,320,341,214,370,951,686,763,679,681,123],"_links":{"self":[{"href":"https:\/\/www.carlosmontes.cl\/senador\/wp-json\/wp\/v2\/posts\/1995"}],"collection":[{"href":"https:\/\/www.carlosmontes.cl\/senador\/wp-json\/wp\/v2\/posts"}],"about":[{"href":"https:\/\/www.carlosmontes.cl\/senador\/wp-json\/wp\/v2\/types\/post"}],"author":[{"embeddable":true,"href":"https:\/\/www.carlosmontes.cl\/senador\/wp-json\/wp\/v2\/users\/2"}],"replies":[{"embeddable":true,"href":"https:\/\/www.carlosmontes.cl\/senador\/wp-json\/wp\/v2\/comments?post=1995"}],"version-history":[{"count":1,"href":"https:\/\/www.carlosmontes.cl\/senador\/wp-json\/wp\/v2\/posts\/1995\/revisions"}],"predecessor-version":[{"id":1996,"href":"https:\/\/www.carlosmontes.cl\/senador\/wp-json\/wp\/v2\/posts\/1995\/revisions\/1996"}],"wp:attachment":[{"href":"https:\/\/www.carlosmontes.cl\/senador\/wp-json\/wp\/v2\/media?parent=1995"}],"wp:term":[{"taxonomy":"category","embeddable":true,"href":"https:\/\/www.carlosmontes.cl\/senador\/wp-json\/wp\/v2\/categories?post=1995"},{"taxonomy":"post_tag","embeddable":true,"href":"https:\/\/www.carlosmontes.cl\/senador\/wp-json\/wp\/v2\/tags?post=1995"}],"curies":[{"name":"wp","href":"https:\/\/api.w.org\/{rel}","templated":true}]}}