{"id":1991,"date":"2016-09-14T16:18:18","date_gmt":"2016-09-14T19:18:18","guid":{"rendered":"http:\/\/www.carlosmontes.cl\/senador\/?p=1991"},"modified":"2023-03-13T10:00:11","modified_gmt":"2023-03-13T13:00:11","slug":"senador-montes-expresa-reparos-a-proyecto-de-eleccion-de-intendentes","status":"publish","type":"post","link":"https:\/\/www.carlosmontes.cl\/senador\/senador-montes-expresa-reparos-a-proyecto-de-eleccion-de-intendentes\/","title":{"rendered":"Senador Montes expresa reparos a proyecto de elecci\u00f3n de intendentes"},"content":{"rendered":"<p style=\"text-align: justify;\">El senador Carlos Montes reiter\u00f3 sus criticas\u00a0a la reforma que permitir\u00eda la elecci\u00f3n de Intendentes Regionales. En una columna publicada en El Mercurio, el legislador sostuvo que el marco para realizar una reforma de esta envergadura debe ser\u00a0el proceso constituyente en curso y luego de an\u00e1lisis m\u00e1s integrales y serios. \u00abSeguir introduciendo enmiendas parciales, sin una valoraci\u00f3n profunda, resulta inadecuado. La experiencia demuestra que estas reformas una vez implementadas no tienen vuelta atr\u00e1s, a\u00fan con sus falencias\u00bb &#8211; indic\u00f3.<\/p>\n<p style=\"text-align: justify;\">Remarc\u00f3, asimismo, el imperativo\u00a0de\u00a0ocuparse de la descentralizaci\u00f3n en forma integral y no s\u00f3lo en el \u00e1mbito de las regiones. \u00abEn un nivel inferior, las municipalidades presentan graves problemas, sin que se adviertan planes concretos para fortalecerlas y transformarlas en verdaderos gobiernos comunales.Las provincias, en tanto, siguen sin tener un espacio claro en el esquema vigente\u00bb &#8211; afirm\u00f3.<\/p>\n<p style=\"text-align: justify;\">Montes destac\u00f3, adem\u00e1s, la necesidad de\u00a0vincular las definiciones administrativas con el desarrollo econ\u00f3mico. \u00abDebemos definir una nueva estrategia, con m\u00e1s diversificaci\u00f3n e incorporaci\u00f3n de valor, como hicieron otras naciones que enfrentaron la misma disyuntiva. Ello requiere m\u00e1s bien integrar las potencialidades de las cuatro grandes macrozonas del pa\u00eds (norte grande, centro, sur y austral) que cuentan con caracter\u00edsticas similares, que desagregar -y muchas veces duplicar- esfuerzos.\u00bb<\/p>\n<p style=\"text-align: justify;\">Respecto del texto\u00a0en an\u00e1lisis legislativo expres\u00f3 su desacuerdo con el umbral de votaci\u00f3n para la elecci\u00f3n de intendentes y, muy especialmente, con las atribuciones y recursos que se le otorgan. \u00abUn Intendente electo con mayor\u00eda relativa, bajo el 50%, se contradice con la raz\u00f3n principal que se da para elegirlo, tener l\u00edderes locales con legitimidad y peso para defender los intereses de sus habitantes ante el nivel central.\u00bfC\u00f3mo se resolver\u00e1n los conflictos pol\u00edticos al interior de las regiones? \u00bfSer\u00e1 representativo para Aconcagua un Intendente que concentre su apoyo en la zona costera de la V Regi\u00f3n? Por otro lado, la insuficiencia de atribuciones y de recursos y la inexistencia de equilibrios y contrapesos, conspira contra la capacidad real de gesti\u00f3n\u00bb &#8211; concluy\u00f3.<\/p>\n","protected":false},"excerpt":{"rendered":"<p>El senador Carlos Montes reiter\u00f3 sus criticas\u00a0a la reforma que permitir\u00eda la elecci\u00f3n de Intendentes Regionales. En una columna publicada en El Mercurio, el legislador sostuvo que el marco para realizar una reforma de esta envergadura debe ser\u00a0el proceso constituyente en curso y luego de an\u00e1lisis m\u00e1s integrales y serios. \u00abSeguir introduciendo enmiendas parciales, sin &hellip;<\/p>\n","protected":false},"author":2,"featured_media":1992,"comment_status":"closed","ping_status":"open","sticky":false,"template":"","format":"standard","meta":[],"categories":[6,2],"tags":[948,944,912,525,946,588,147,947,941,945,942,940,949,727,95,146,148,763,943],"_links":{"self":[{"href":"https:\/\/www.carlosmontes.cl\/senador\/wp-json\/wp\/v2\/posts\/1991"}],"collection":[{"href":"https:\/\/www.carlosmontes.cl\/senador\/wp-json\/wp\/v2\/posts"}],"about":[{"href":"https:\/\/www.carlosmontes.cl\/senador\/wp-json\/wp\/v2\/types\/post"}],"author":[{"embeddable":true,"href":"https:\/\/www.carlosmontes.cl\/senador\/wp-json\/wp\/v2\/users\/2"}],"replies":[{"embeddable":true,"href":"https:\/\/www.carlosmontes.cl\/senador\/wp-json\/wp\/v2\/comments?post=1991"}],"version-history":[{"count":1,"href":"https:\/\/www.carlosmontes.cl\/senador\/wp-json\/wp\/v2\/posts\/1991\/revisions"}],"predecessor-version":[{"id":1993,"href":"https:\/\/www.carlosmontes.cl\/senador\/wp-json\/wp\/v2\/posts\/1991\/revisions\/1993"}],"wp:featuredmedia":[{"embeddable":true,"href":"https:\/\/www.carlosmontes.cl\/senador\/wp-json\/wp\/v2\/media\/1992"}],"wp:attachment":[{"href":"https:\/\/www.carlosmontes.cl\/senador\/wp-json\/wp\/v2\/media?parent=1991"}],"wp:term":[{"taxonomy":"category","embeddable":true,"href":"https:\/\/www.carlosmontes.cl\/senador\/wp-json\/wp\/v2\/categories?post=1991"},{"taxonomy":"post_tag","embeddable":true,"href":"https:\/\/www.carlosmontes.cl\/senador\/wp-json\/wp\/v2\/tags?post=1991"}],"curies":[{"name":"wp","href":"https:\/\/api.w.org\/{rel}","templated":true}]}}