{"id":1948,"date":"2016-06-23T13:28:10","date_gmt":"2016-06-23T16:28:10","guid":{"rendered":"http:\/\/www.carlosmontes.cl\/senador\/?p=1948"},"modified":"2016-06-23T13:28:10","modified_gmt":"2016-06-23T16:28:10","slug":"senador-montes-respalda-proyecto-sobre-salario-minimo","status":"publish","type":"post","link":"https:\/\/www.carlosmontes.cl\/senador\/senador-montes-respalda-proyecto-sobre-salario-minimo\/","title":{"rendered":"Senador Montes respalda proyecto sobre salario m\u00ednimo"},"content":{"rendered":"<p style=\"text-align: justify;\">El senador Carlos Montes apoy\u00f3 el proyecto de ley que fija el salario m\u00ednimo por los pr\u00f3ximos a\u00f1os. (<a title=\"Intervenci\u00f3n Salario M\u00ednimo \" href=\"https:\/\/youtu.be\/CL-vHf2gBoA\" target=\"_blank\">Ver v\u00eddeo<\/a>) La iniciativa establece un alza gradual,\u00a0a partir del 1 de julio de este a\u00f1o, que permitir\u00e1 pasar de\u00a0los actuales 250 mil a 257 mil 500 pesos. A contar\u00a0del 1 de Enero de 2017 se establece en 264 mil, en tanto en julio del pr\u00f3ximo a\u00f1o quedar\u00e1 en 270 mil. Al 1 de enero de 2018, el ingreso b\u00e1sico alcanzar\u00e1 los 276 mil pesos.<\/p>\n<p style=\"text-align: justify;\">El legislador sostuvo que hay dos formas de enfrentar esta discusi\u00f3n. Una primera, es comparando este salario con aqu\u00e9llo que se considera justo, digno o \u00e9tico. En ese sentido, indic\u00f3 que el monto est\u00e1 lejos de\u00a0lo\u00a0indispensable para una familia. \u00abA m\u00ed no me satisface, desde el punto de vista de la calidad de una sociedad, en el largo plazo\u00bb &#8211; afirm\u00f3.<\/p>\n<p style=\"text-align: justify;\">La segunda mirada -explic\u00f3- es aqu\u00e9lla que considera el escenario econ\u00f3mico, la coyuntura, perspectiva desde la cual manifest\u00f3 comprender las limitaciones que el Ministerio de Hacienda enfrenta para hacer consistente este salario con los objetivos macroecon\u00f3micos.<\/p>\n<p style=\"text-align: justify;\">Record\u00f3, a continuaci\u00f3n, la importancia del salario m\u00ednimo,\u00a0criticando\u00a0los\u00a0continuas opiniones\u00a0de personeros de la derecha que\u00a0instan\u00a0por su eliminaci\u00f3n. \u00abChile tuvo. por historia, un salario de \u00a0protecci\u00f3n, un sueldo base\u00bb &#8211; remarc\u00f3.\u00a0\u00abNo es algo justo, pero es lo que hoy d\u00eda se puede\u00bb &#8211; concluy\u00f3 afirmando Montes.<\/p>\n","protected":false},"excerpt":{"rendered":"<p>El senador Carlos Montes apoy\u00f3 el proyecto de ley que fija el salario m\u00ednimo por los pr\u00f3ximos a\u00f1os. (Ver v\u00eddeo) La iniciativa establece un alza gradual,\u00a0a partir del 1 de julio de este a\u00f1o, que permitir\u00e1 pasar de\u00a0los actuales 250 mil a 257 mil 500 pesos. A contar\u00a0del 1 de Enero de 2017 se establece &hellip;<\/p>\n","protected":false},"author":2,"featured_media":1949,"comment_status":"open","ping_status":"open","sticky":false,"template":"","format":"standard","meta":[],"categories":[49,2],"tags":[933,244,932,43,316,676,931,204,315,123],"_links":{"self":[{"href":"https:\/\/www.carlosmontes.cl\/senador\/wp-json\/wp\/v2\/posts\/1948"}],"collection":[{"href":"https:\/\/www.carlosmontes.cl\/senador\/wp-json\/wp\/v2\/posts"}],"about":[{"href":"https:\/\/www.carlosmontes.cl\/senador\/wp-json\/wp\/v2\/types\/post"}],"author":[{"embeddable":true,"href":"https:\/\/www.carlosmontes.cl\/senador\/wp-json\/wp\/v2\/users\/2"}],"replies":[{"embeddable":true,"href":"https:\/\/www.carlosmontes.cl\/senador\/wp-json\/wp\/v2\/comments?post=1948"}],"version-history":[{"count":1,"href":"https:\/\/www.carlosmontes.cl\/senador\/wp-json\/wp\/v2\/posts\/1948\/revisions"}],"predecessor-version":[{"id":1950,"href":"https:\/\/www.carlosmontes.cl\/senador\/wp-json\/wp\/v2\/posts\/1948\/revisions\/1950"}],"wp:featuredmedia":[{"embeddable":true,"href":"https:\/\/www.carlosmontes.cl\/senador\/wp-json\/wp\/v2\/media\/1949"}],"wp:attachment":[{"href":"https:\/\/www.carlosmontes.cl\/senador\/wp-json\/wp\/v2\/media?parent=1948"}],"wp:term":[{"taxonomy":"category","embeddable":true,"href":"https:\/\/www.carlosmontes.cl\/senador\/wp-json\/wp\/v2\/categories?post=1948"},{"taxonomy":"post_tag","embeddable":true,"href":"https:\/\/www.carlosmontes.cl\/senador\/wp-json\/wp\/v2\/tags?post=1948"}],"curies":[{"name":"wp","href":"https:\/\/api.w.org\/{rel}","templated":true}]}}