{"id":1932,"date":"2016-05-02T10:59:51","date_gmt":"2016-05-02T13:59:51","guid":{"rendered":"http:\/\/www.carlosmontes.cl\/senador\/?p=1932"},"modified":"2016-05-04T11:05:58","modified_gmt":"2016-05-04T14:05:58","slug":"senador-montes-pide-rol-mas-activo-del-estado-en-crecimiento-economico","status":"publish","type":"post","link":"https:\/\/www.carlosmontes.cl\/senador\/senador-montes-pide-rol-mas-activo-del-estado-en-crecimiento-economico\/","title":{"rendered":"Senador Montes pide rol m\u00e1s activo del Estado en crecimiento econ\u00f3mico"},"content":{"rendered":"<p style=\"text-align: justify;\"><span style=\"color: #444444;\">La bancada de senadores del Partido Socialista se encuentra desarrollando una serie de reuniones con el objeto de elaborar una propuesta destinada a reimpulsar el crecimiento.\u00a0Tras la segunda sesi\u00f3n,\u00a0el senador\u00a0Carlos Montes anunci\u00f3 que en pr\u00f3ximos encuentros tambi\u00e9n invitar\u00e1n a representantes del sector privado para conocer sus visiones y propuestas al respecto.<\/span><\/p>\n<p style=\"text-align: justify;\"><span style=\"color: #444444;\">El encuentro tuvo lugar durante la tarde de este lunes en el Congreso en Santiago. En la ocasi\u00f3n, el senador Carlos Montes dijo que las reflexiones han girado en torno \u00a0a \u201cdefinir un camino distinto al de antes para recuperar el crecimiento econ\u00f3mico, porque lo claro es que no vamos a volver a crecer de la misma forma que lo hicimos en el ciclo anterior\u201d.<\/span><\/p>\n<p style=\"text-align: justify;\"><span style=\"color: #444444;\">El parlamentario explic\u00f3 que existe un consenso entre sus pares de la bancada y los economistas que han participado de estas reflexiones, que la idea es dise\u00f1ar una \u201cpropuesta de crecimiento capaz de poner al Estado con un rol mucho m\u00e1s proactivo y con capacidad de levantar iniciativas en conjunto con el sector privado\u201d.<\/span><\/p>\n<p style=\"text-align: justify;\"><span style=\"color: #444444;\">En este contexto, Montes enfatiz\u00f3 que \u201cqueremos abrir un dialogo con empresarios\u201d, \u00a0anunciando que pr\u00f3ximamente la bancada tambi\u00e9n invitar\u00e1 a actores relevantes del sector privado para conocer sus puntos de vista y propuestas respecto de c\u00f3mo reactivar la econom\u00eda nacional.<\/span><\/p>\n<p style=\"text-align: justify;\"><span style=\"color: #444444;\">\u201cEl Estado no s\u00f3lo puede facilitarle lo que hacen a los privados, sino que en muchos casos debe entrar, como por ejemplo, en energ\u00eda solar que nos demoramos como 10 a\u00f1os, reci\u00e9n ahora est\u00e1 avanzando m\u00e1s, siendo que el Estado pudo haber decidido desde un comienzo que esto era una apuesta de largo plazo. Lo mismo en el tratamiento de los residuos y la exportaci\u00f3n de servicios\u201d, puntualiz\u00f3.<\/span><\/p>\n","protected":false},"excerpt":{"rendered":"<p>La bancada de senadores del Partido Socialista se encuentra desarrollando una serie de reuniones con el objeto de elaborar una propuesta destinada a reimpulsar el crecimiento.\u00a0Tras la segunda sesi\u00f3n,\u00a0el senador\u00a0Carlos Montes anunci\u00f3 que en pr\u00f3ximos encuentros tambi\u00e9n invitar\u00e1n a representantes del sector privado para conocer sus visiones y propuestas al respecto. El encuentro tuvo lugar &hellip;<\/p>\n","protected":false},"author":2,"featured_media":1933,"comment_status":"open","ping_status":"open","sticky":false,"template":"","format":"standard","meta":[],"categories":[2],"tags":[852,444,225,163,769,903,908,274,905,195,909,907,906,910,911,904],"_links":{"self":[{"href":"https:\/\/www.carlosmontes.cl\/senador\/wp-json\/wp\/v2\/posts\/1932"}],"collection":[{"href":"https:\/\/www.carlosmontes.cl\/senador\/wp-json\/wp\/v2\/posts"}],"about":[{"href":"https:\/\/www.carlosmontes.cl\/senador\/wp-json\/wp\/v2\/types\/post"}],"author":[{"embeddable":true,"href":"https:\/\/www.carlosmontes.cl\/senador\/wp-json\/wp\/v2\/users\/2"}],"replies":[{"embeddable":true,"href":"https:\/\/www.carlosmontes.cl\/senador\/wp-json\/wp\/v2\/comments?post=1932"}],"version-history":[{"count":1,"href":"https:\/\/www.carlosmontes.cl\/senador\/wp-json\/wp\/v2\/posts\/1932\/revisions"}],"predecessor-version":[{"id":1934,"href":"https:\/\/www.carlosmontes.cl\/senador\/wp-json\/wp\/v2\/posts\/1932\/revisions\/1934"}],"wp:featuredmedia":[{"embeddable":true,"href":"https:\/\/www.carlosmontes.cl\/senador\/wp-json\/wp\/v2\/media\/1933"}],"wp:attachment":[{"href":"https:\/\/www.carlosmontes.cl\/senador\/wp-json\/wp\/v2\/media?parent=1932"}],"wp:term":[{"taxonomy":"category","embeddable":true,"href":"https:\/\/www.carlosmontes.cl\/senador\/wp-json\/wp\/v2\/categories?post=1932"},{"taxonomy":"post_tag","embeddable":true,"href":"https:\/\/www.carlosmontes.cl\/senador\/wp-json\/wp\/v2\/tags?post=1932"}],"curies":[{"name":"wp","href":"https:\/\/api.w.org\/{rel}","templated":true}]}}