{"id":1924,"date":"2016-04-06T11:01:44","date_gmt":"2016-04-06T14:01:44","guid":{"rendered":"http:\/\/www.carlosmontes.cl\/senador\/?p=1924"},"modified":"2016-04-06T11:11:34","modified_gmt":"2016-04-06T14:11:34","slug":"senador-montes-rechaza-control-preventivo-de-identidad","status":"publish","type":"post","link":"https:\/\/www.carlosmontes.cl\/senador\/senador-montes-rechaza-control-preventivo-de-identidad\/","title":{"rendered":"Senador Montes rechaza control preventivo de identidad"},"content":{"rendered":"<p style=\"text-align: justify;\"><a title=\"Intervenci\u00f3n Control de Identidad\" href=\"https:\/\/youtu.be\/2EEU9ii-PZM\" target=\"_blank\">Ver v\u00eddeo<\/a><\/p>\n<p style=\"text-align: justify;\">El senador Carlos Montes vot\u00f3 en contra del control preventivo de identidad, contenido en la agenda corta antidelincuencia que se tramita en el Senado. El legislador\u00a0argument\u00f3 que la medida resulta muy parcial e inadecuada, particularmente respecto de los j\u00f3venes para quienes &#8211; sostuvo &#8211; no existen pol\u00edticas p\u00fablicas integrales.<\/p>\n<p style=\"text-align: justify;\">\u00abNo asumimos el deterioro val\u00f3rico, la desocializaci\u00f3n \u00a0la desarticulaci\u00f3n que existe en la base de la sociedad\u00bb -dijo- criticando los fundamentos de\u00a0la propuesta. \u00abAqu\u00ed no se ve un an\u00e1lisis serio y fundado. No hay fundamentos suficientemente rigurosos, se dicen cosas tremendamente discutibles\u00bb &#8211; recalc\u00f3.<\/p>\n<p style=\"text-align: justify;\">El legislador explic\u00f3 su rechazo -y el de toda la Bancada PS- a entregar esta facultad a las polic\u00edas se\u00f1alando, en primer t\u00e9rmino, que se trata de\u00a0una restricci\u00f3n a la libertad individual que no tiene fundamento en una decisi\u00f3n judicial, solamente\u00a0en el arbitrio administrativo.<\/p>\n<p style=\"text-align: justify;\">Seguidamente sostuvo que \u00abse abre una amplia posibilidad a las discriminaciones\u00bb. Con datos de la Defensor\u00eda Penal P\u00fablica explic\u00f3 que en el a\u00f1o 2012, de las detenciones declaradas ilegales por la justicia, un 23,7% afect\u00f3 a etnias originarias, 17,1% a j\u00f3venes y un 13,5% a extranjeros. Expres\u00f3 que, en este sentido, UNICEF ha advertido sobre la existencia en la normativa en estudio de muchos vac\u00edos e imprecisiones, que pueden prestarse para grandes abusos.<\/p>\n<p style=\"text-align: justify;\">El parlamentario cuestion\u00f3, adem\u00e1s, la efectividad de esta medida. \u00abSe amplia una atribuci\u00f3n cuya eficacia es muy incierta y con evaluaci\u00f3n inexistente o al menos desconocida.\u00bb<\/p>\n<p style=\"text-align: justify;\">Por \u00faltimo, Montes critic\u00f3 la inexistencia de canales apropiados para investigar y sancionar los abusos. \u00abLa Justicia Militar en general no funciona\u00bb &#8211; fustig\u00f3.<\/p>\n<p style=\"text-align: justify;\">Resumi\u00f3, manifestando que \u00abse aprecian numerosos riesgos de excesos y discriminaci\u00f3n; escasos beneficios concretos, en t\u00e9rminos de eficiencia policial e insuficientes medidas de control y resguardo\u00bb y remarcando la necesidad de soluciones m\u00e1s integrales y preventivas. \u00abNecesitamos una pol\u00edtica p\u00fablica seria para los ni\u00f1os, los adolescentes y j\u00f3venes, esto no va a ayudar para eso. Seamos responsables y no caigamos en una discusi\u00f3n como si esto fuera a resolver grandes cosas. Tenemos que asumir lo que est\u00e1 ocurriendo en la sociedad\u00bb &#8211; concluy\u00f3.<\/p>\n","protected":false},"excerpt":{"rendered":"<p>Ver v\u00eddeo El senador Carlos Montes vot\u00f3 en contra del control preventivo de identidad, contenido en la agenda corta antidelincuencia que se tramita en el Senado. El legislador\u00a0argument\u00f3 que la medida resulta muy parcial e inadecuada, particularmente respecto de los j\u00f3venes para quienes &#8211; sostuvo &#8211; no existen pol\u00edticas p\u00fablicas integrales. \u00abNo asumimos el deterioro &hellip;<\/p>\n","protected":false},"author":2,"featured_media":1925,"comment_status":"open","ping_status":"open","sticky":false,"template":"","format":"standard","meta":[],"categories":[2],"tags":[883,657,69,417,596,134,882,880,709,362,152,288,197,886,887,169,884,888,71,885,540,889,881,890],"_links":{"self":[{"href":"https:\/\/www.carlosmontes.cl\/senador\/wp-json\/wp\/v2\/posts\/1924"}],"collection":[{"href":"https:\/\/www.carlosmontes.cl\/senador\/wp-json\/wp\/v2\/posts"}],"about":[{"href":"https:\/\/www.carlosmontes.cl\/senador\/wp-json\/wp\/v2\/types\/post"}],"author":[{"embeddable":true,"href":"https:\/\/www.carlosmontes.cl\/senador\/wp-json\/wp\/v2\/users\/2"}],"replies":[{"embeddable":true,"href":"https:\/\/www.carlosmontes.cl\/senador\/wp-json\/wp\/v2\/comments?post=1924"}],"version-history":[{"count":2,"href":"https:\/\/www.carlosmontes.cl\/senador\/wp-json\/wp\/v2\/posts\/1924\/revisions"}],"predecessor-version":[{"id":1927,"href":"https:\/\/www.carlosmontes.cl\/senador\/wp-json\/wp\/v2\/posts\/1924\/revisions\/1927"}],"wp:featuredmedia":[{"embeddable":true,"href":"https:\/\/www.carlosmontes.cl\/senador\/wp-json\/wp\/v2\/media\/1925"}],"wp:attachment":[{"href":"https:\/\/www.carlosmontes.cl\/senador\/wp-json\/wp\/v2\/media?parent=1924"}],"wp:term":[{"taxonomy":"category","embeddable":true,"href":"https:\/\/www.carlosmontes.cl\/senador\/wp-json\/wp\/v2\/categories?post=1924"},{"taxonomy":"post_tag","embeddable":true,"href":"https:\/\/www.carlosmontes.cl\/senador\/wp-json\/wp\/v2\/tags?post=1924"}],"curies":[{"name":"wp","href":"https:\/\/api.w.org\/{rel}","templated":true}]}}