{"id":1907,"date":"2016-03-01T17:42:41","date_gmt":"2016-03-01T20:42:41","guid":{"rendered":"http:\/\/www.carlosmontes.cl\/senador\/?p=1907"},"modified":"2016-03-01T17:42:41","modified_gmt":"2016-03-01T20:42:41","slug":"senador-montes-el-problema-de-chile-es-como-seguir-creciendo","status":"publish","type":"post","link":"https:\/\/www.carlosmontes.cl\/senador\/senador-montes-el-problema-de-chile-es-como-seguir-creciendo\/","title":{"rendered":"Senador Montes: \u00abEl problema de Chile es como seguir creciendo\u00bb."},"content":{"rendered":"<p style=\"text-align: justify;\">Diversas reacciones ha generado la decisi\u00f3n del Gobierno de proponer un ajuste fiscal con el objeto de equilibrar el presupuesto nacional, afectado por el menor dinamismo de la econom\u00eda y el bajo precio del cobre en los mercados internacionales.<\/p>\n<p style=\"text-align: justify;\">Al respecto, el senador\u00a0Carlos Montes, sostuvo que m\u00e1s all\u00e1 de\u00a0la disminuci\u00f3n de ciertos\u00a0gastos por parte de los ministerios, la discusi\u00f3n real es c\u00f3mo el pa\u00eds sigue\u00a0creciendo, tanto en los a\u00f1os venideros como en las pr\u00f3ximas d\u00e9cadas.<\/p>\n<p style=\"text-align: justify;\">En ese sentido, el legislador remarc\u00f3 la importancia de que m\u00e1s que hacer ciertos recortes puntuales, el presupuesto completo se reoriente priorizando aqu\u00e9llos programas e iniciativas que tengan un mayor efecto multiplicador y dinamizador de la econom\u00eda.<\/p>\n<p style=\"text-align: justify;\">El parlamentario PS agreg\u00f3 la necesidad de que ello se enmarque en un dise\u00f1o m\u00e1s global y con perspectivas de futuro, para superar el modelo exportador de materias primas.\u00a0\u00abHay que reconvertir el presupuesto p\u00fablico en funci\u00f3n de una cierta estrategia de crecimiento\u201d &#8211; se\u00f1al\u00f3 el parlamentario del PS,<\/p>\n<p style=\"text-align: justify;\">Montes plante\u00f3 que el Ministerio de Hacienda deber\u00eda\u00a0presentar una propuesta\u00a0para los pr\u00f3ximos dos a\u00f1os, considerando iniciativas para recuperar el crecimiento y fortalecer alianzas con el sector privado con este objetivo.<\/p>\n<p style=\"text-align: justify;\"><a title=\"Nota ajuste La 3a\" href=\"http:\/\/www.latercera.com\/noticia\/negocios\/2016\/02\/655-670240-9-parlamentarios-de-la-nueva-mayoria-pediran-a-valdes-detalles-de-ajuste-fiscal.shtml\" target=\"_blank\">Ver\u00a0nota en La Tercera.<\/a><\/p>\n<p style=\"text-align: justify;\"><a title=\"Nota ajuste T13\" href=\"http:\/\/www.t13.cl\/noticia\/negocios\/crecimiento-desafio-pendiente-valdes-recorte-presupuestario\" target=\"_blank\">Ver nota de Radio Teletrece.<\/a><\/p>\n","protected":false},"excerpt":{"rendered":"<p>Diversas reacciones ha generado la decisi\u00f3n del Gobierno de proponer un ajuste fiscal con el objeto de equilibrar el presupuesto nacional, afectado por el menor dinamismo de la econom\u00eda y el bajo precio del cobre en los mercados internacionales. Al respecto, el senador\u00a0Carlos Montes, sostuvo que m\u00e1s all\u00e1 de\u00a0la disminuci\u00f3n de ciertos\u00a0gastos por parte de &hellip;<\/p>\n","protected":false},"author":2,"featured_media":1908,"comment_status":"open","ping_status":"open","sticky":false,"template":"","format":"standard","meta":[],"categories":[2],"tags":[860,859,228,444,224,588,861,863,225,163,274,865,28,415,864,862,414,195,251,846],"_links":{"self":[{"href":"https:\/\/www.carlosmontes.cl\/senador\/wp-json\/wp\/v2\/posts\/1907"}],"collection":[{"href":"https:\/\/www.carlosmontes.cl\/senador\/wp-json\/wp\/v2\/posts"}],"about":[{"href":"https:\/\/www.carlosmontes.cl\/senador\/wp-json\/wp\/v2\/types\/post"}],"author":[{"embeddable":true,"href":"https:\/\/www.carlosmontes.cl\/senador\/wp-json\/wp\/v2\/users\/2"}],"replies":[{"embeddable":true,"href":"https:\/\/www.carlosmontes.cl\/senador\/wp-json\/wp\/v2\/comments?post=1907"}],"version-history":[{"count":1,"href":"https:\/\/www.carlosmontes.cl\/senador\/wp-json\/wp\/v2\/posts\/1907\/revisions"}],"predecessor-version":[{"id":1909,"href":"https:\/\/www.carlosmontes.cl\/senador\/wp-json\/wp\/v2\/posts\/1907\/revisions\/1909"}],"wp:featuredmedia":[{"embeddable":true,"href":"https:\/\/www.carlosmontes.cl\/senador\/wp-json\/wp\/v2\/media\/1908"}],"wp:attachment":[{"href":"https:\/\/www.carlosmontes.cl\/senador\/wp-json\/wp\/v2\/media?parent=1907"}],"wp:term":[{"taxonomy":"category","embeddable":true,"href":"https:\/\/www.carlosmontes.cl\/senador\/wp-json\/wp\/v2\/categories?post=1907"},{"taxonomy":"post_tag","embeddable":true,"href":"https:\/\/www.carlosmontes.cl\/senador\/wp-json\/wp\/v2\/tags?post=1907"}],"curies":[{"name":"wp","href":"https:\/\/api.w.org\/{rel}","templated":true}]}}