{"id":1776,"date":"2015-12-02T07:40:35","date_gmt":"2015-12-02T10:40:35","guid":{"rendered":"http:\/\/www.carlosmontes.cl\/senador\/?p=1776"},"modified":"2015-12-02T07:40:35","modified_gmt":"2015-12-02T10:40:35","slug":"senador-montes-advierte-retraso-en-normativa-y-acciones-de-integracion-en-favor-de-migrantes","status":"publish","type":"post","link":"https:\/\/www.carlosmontes.cl\/senador\/senador-montes-advierte-retraso-en-normativa-y-acciones-de-integracion-en-favor-de-migrantes\/","title":{"rendered":"Senador Montes advierte retraso en normativa y acciones de integraci\u00f3n en favor de migrantes"},"content":{"rendered":"<p style=\"text-align: justify;\">El senador Carlos Montes particip\u00f3 en el seminario Migraciones, Nacionalidad y Derechos Humanos, tendencias y desaf\u00edos en Am\u00e9rica del Sur, organizado por el <a title=\"Centro DDHH UDP\" href=\"http:\/\/www.derechoshumanos.udp.cl\/derechoshumanos\/index.php\" target=\"_blank\">Centro de DDHH de la Universidad Diego Portales<\/a>, la <a title=\"Universidad Alberto Hurtado\" href=\"http:\/\/www.uah.cl\" target=\"_blank\">Universidad Alberto Hurtado<\/a> y el <a title=\"Servicio Jesuita para las Migraciones\" href=\"http:\/\/www.sjmchile.org\" target=\"_blank\">Servicio Jesuita para las Migraciones, SJM<\/a>.<\/p>\n<p style=\"text-align: justify;\">En el primer panel del evento se analizaron las tendencias legislativas en la materia, ocasi\u00f3n en que el legislador del PS sostuvo que las migraciones son un tema postergado en el debate p\u00fablico, pese al notorio incremento del flujo de extranjeros al pa\u00eds que se constata en los \u00faltimos a\u00f1os.<\/p>\n<p style=\"text-align: justify;\">En el mismo sentido, Montes reconoci\u00f3 la existencia de un retraso en la normativa en nuestro pa\u00eds, que data de 1975. \u00abSe trata de un texto que ve el fen\u00f3meno de las migraciones desde la l\u00f3gica de la seguridad nacional y el control de las fronteras\u00bb -manifest\u00f3- recalcando que la falta de adecuaci\u00f3n de las disposiciones a la realidad alienta la irregularidad de muchas personas.<\/p>\n<p style=\"text-align: justify;\">Asimismo, el parlamentario expuso la insuficiencia de las pol\u00edticas de integraci\u00f3n existentes, se\u00f1alando que se requiere un rol m\u00e1s activo del Estado y sus instituciones, tendientes a producir una verdadera incorporaci\u00f3n de los migrantes al pa\u00eds, sin pretender su asimilaci\u00f3n. En este sentido, indic\u00f3 la falta de planes municipales respecto de los migrantes y remarc\u00f3 la necesidad de programas especiales, diversos de los tradicionales, especialmente en vivienda.<\/p>\n","protected":false},"excerpt":{"rendered":"<p>El senador Carlos Montes particip\u00f3 en el seminario Migraciones, Nacionalidad y Derechos Humanos, tendencias y desaf\u00edos en Am\u00e9rica del Sur, organizado por el Centro de DDHH de la Universidad Diego Portales, la Universidad Alberto Hurtado y el Servicio Jesuita para las Migraciones, SJM. En el primer panel del evento se analizaron las tendencias legislativas en &hellip;<\/p>\n","protected":false},"author":2,"featured_media":1777,"comment_status":"open","ping_status":"open","sticky":false,"template":"","format":"standard","meta":[],"categories":[11,6,2],"tags":[778,134,775,773,776,784,87,43,774,772,779,199,113,780,783,782,781,777],"_links":{"self":[{"href":"https:\/\/www.carlosmontes.cl\/senador\/wp-json\/wp\/v2\/posts\/1776"}],"collection":[{"href":"https:\/\/www.carlosmontes.cl\/senador\/wp-json\/wp\/v2\/posts"}],"about":[{"href":"https:\/\/www.carlosmontes.cl\/senador\/wp-json\/wp\/v2\/types\/post"}],"author":[{"embeddable":true,"href":"https:\/\/www.carlosmontes.cl\/senador\/wp-json\/wp\/v2\/users\/2"}],"replies":[{"embeddable":true,"href":"https:\/\/www.carlosmontes.cl\/senador\/wp-json\/wp\/v2\/comments?post=1776"}],"version-history":[{"count":1,"href":"https:\/\/www.carlosmontes.cl\/senador\/wp-json\/wp\/v2\/posts\/1776\/revisions"}],"predecessor-version":[{"id":1778,"href":"https:\/\/www.carlosmontes.cl\/senador\/wp-json\/wp\/v2\/posts\/1776\/revisions\/1778"}],"wp:featuredmedia":[{"embeddable":true,"href":"https:\/\/www.carlosmontes.cl\/senador\/wp-json\/wp\/v2\/media\/1777"}],"wp:attachment":[{"href":"https:\/\/www.carlosmontes.cl\/senador\/wp-json\/wp\/v2\/media?parent=1776"}],"wp:term":[{"taxonomy":"category","embeddable":true,"href":"https:\/\/www.carlosmontes.cl\/senador\/wp-json\/wp\/v2\/categories?post=1776"},{"taxonomy":"post_tag","embeddable":true,"href":"https:\/\/www.carlosmontes.cl\/senador\/wp-json\/wp\/v2\/tags?post=1776"}],"curies":[{"name":"wp","href":"https:\/\/api.w.org\/{rel}","templated":true}]}}