{"id":1768,"date":"2015-11-25T09:30:20","date_gmt":"2015-11-25T12:30:20","guid":{"rendered":"http:\/\/www.carlosmontes.cl\/senador\/?p=1768"},"modified":"2015-11-25T09:30:20","modified_gmt":"2015-11-25T12:30:20","slug":"comision-mixta-aprueba-fondos-para-continuar-obras-del-metro","status":"publish","type":"post","link":"https:\/\/www.carlosmontes.cl\/senador\/comision-mixta-aprueba-fondos-para-continuar-obras-del-metro\/","title":{"rendered":"Comisi\u00f3n Mixta aprueba fondos para continuar obras del Metro"},"content":{"rendered":"<p style=\"text-align: justify;\">La Comisi\u00f3n Mixta de diputados y senadores, conformada para resolver las discrepancias producidas entre ambas c\u00e1maras durante la discusi\u00f3n del presupuesto 2016, resolvi\u00f3 reponer los recursos para la expansi\u00f3n del metro de Santiago.\u00a0Con ello, se asegura la continuidad de las obras de las l\u00edneas 3 y 6 en actual ejecuci\u00f3n.<\/p>\n<p style=\"text-align: justify;\">Dichos recursos hab\u00edan sido recortados a la mitad en la C\u00e1mara Alta, mediante una indicaci\u00f3n\u00a0presentada por legisladores de la UDI, RN y regionalistas.<\/p>\n<p style=\"text-align: justify;\">El senador PS Carlos Montes calific\u00f3 el rechazo de los parlamentarios opositores a estos recursos\u00a0como una medida \u00abpoco meditada\u00bb, y remarc\u00f3\u00a0que \u00ablimitar o reducir el presupuesto es parar las obras de Metro\u00bb. \u00abSi se quiere discutir el plan de inversiones, discut\u00e1moslo de aqu\u00ed en adelante, pero no con obras que ya est\u00e1n en marcha y que generan actividad econ\u00f3mica en un momento que se necesita llevarlas adelante\u00bb &#8211; sentenci\u00f3.<\/p>\n<p style=\"text-align: justify;\">El legislador refut\u00f3 las cr\u00edticas por un eventual mayor gasto en infraestructura en la capital, se\u00f1alando que\u00a0\u00a0\u00abtodos los c\u00e1lculos de inversi\u00f3n per c\u00e1pita muestran que \u00e9sta es m\u00e1s alta en todas las regiones que en la Metropolitana.\u00bb.<\/p>\n<p style=\"text-align: justify;\">El informe de la Comisi\u00f3n Mixta que restituye los fondos para continuar con la expansi\u00f3n de la red Metro deber\u00e1 ser ahora ratificado en ambas ramas del Congreso.<\/p>\n","protected":false},"excerpt":{"rendered":"<p>La Comisi\u00f3n Mixta de diputados y senadores, conformada para resolver las discrepancias producidas entre ambas c\u00e1maras durante la discusi\u00f3n del presupuesto 2016, resolvi\u00f3 reponer los recursos para la expansi\u00f3n del metro de Santiago.\u00a0Con ello, se asegura la continuidad de las obras de las l\u00edneas 3 y 6 en actual ejecuci\u00f3n. Dichos recursos hab\u00edan sido recortados &hellip;<\/p>\n","protected":false},"author":2,"featured_media":1769,"comment_status":"open","ping_status":"open","sticky":false,"template":"","format":"standard","meta":[],"categories":[11,2],"tags":[755,756,267,758,754,445,195,757,664,505,539,762,759,761,251,230,337,740,763,672,123,587,760],"_links":{"self":[{"href":"https:\/\/www.carlosmontes.cl\/senador\/wp-json\/wp\/v2\/posts\/1768"}],"collection":[{"href":"https:\/\/www.carlosmontes.cl\/senador\/wp-json\/wp\/v2\/posts"}],"about":[{"href":"https:\/\/www.carlosmontes.cl\/senador\/wp-json\/wp\/v2\/types\/post"}],"author":[{"embeddable":true,"href":"https:\/\/www.carlosmontes.cl\/senador\/wp-json\/wp\/v2\/users\/2"}],"replies":[{"embeddable":true,"href":"https:\/\/www.carlosmontes.cl\/senador\/wp-json\/wp\/v2\/comments?post=1768"}],"version-history":[{"count":2,"href":"https:\/\/www.carlosmontes.cl\/senador\/wp-json\/wp\/v2\/posts\/1768\/revisions"}],"predecessor-version":[{"id":1771,"href":"https:\/\/www.carlosmontes.cl\/senador\/wp-json\/wp\/v2\/posts\/1768\/revisions\/1771"}],"wp:featuredmedia":[{"embeddable":true,"href":"https:\/\/www.carlosmontes.cl\/senador\/wp-json\/wp\/v2\/media\/1769"}],"wp:attachment":[{"href":"https:\/\/www.carlosmontes.cl\/senador\/wp-json\/wp\/v2\/media?parent=1768"}],"wp:term":[{"taxonomy":"category","embeddable":true,"href":"https:\/\/www.carlosmontes.cl\/senador\/wp-json\/wp\/v2\/categories?post=1768"},{"taxonomy":"post_tag","embeddable":true,"href":"https:\/\/www.carlosmontes.cl\/senador\/wp-json\/wp\/v2\/tags?post=1768"}],"curies":[{"name":"wp","href":"https:\/\/api.w.org\/{rel}","templated":true}]}}