{"id":1668,"date":"2015-08-19T18:18:38","date_gmt":"2015-08-19T21:18:38","guid":{"rendered":"http:\/\/www.carlosmontes.cl\/senador\/?p=1668"},"modified":"2015-08-27T12:32:40","modified_gmt":"2015-08-27T15:32:40","slug":"cabildo-de-vecinal-villas-ohiggins-juan-egenau-y-arturo-prat","status":"publish","type":"post","link":"https:\/\/www.carlosmontes.cl\/senador\/cabildo-de-vecinal-villas-ohiggins-juan-egenau-y-arturo-prat\/","title":{"rendered":"Cabildo Vecinal villas O\u2019Higgins, Juan Egenau y Arturo Prat"},"content":{"rendered":"<p style=\"text-align: justify;\">El s\u00e1bado 15 de agosto se realiz\u00f3, en la sede vecinal 21B de la Villa O\u2019Higgins, el Cabildo Vecinal de las villas O\u2019Higgins, Juan Egenau y Arturo Prat. Dirigentes y vecinos, junto al senador Montes, se reunieron con los seremis metropolitanos de Transporte y Salud, representantes de Carabineros y la PDI, el subdirector de operaciones del Serviu, la diputada Camila Vallejo, los concejales Nicanor Herrera y Reinaldo Rosales, y Pia Castelli, representante de la Red de Iniciativa Ciudadana.<\/p>\n<p style=\"text-align: justify;\">El encuentro tuvo como eje el trabajo en cuatro comisiones tem\u00e1ticas: vivienda, seguridad, necesidades sociales y transporte.<\/p>\n<h6 style=\"text-align: justify;\">Vivienda<\/h6>\n<p style=\"text-align: justify;\">La comisi\u00f3n de vivienda le plante\u00f3 al subdirector de operaciones del Serviu RM, Nelson Mar\u00edn, problemas con subsidios, en especial las asignaciones para mejorar las viviendas. Tambi\u00e9n se le indic\u00f3 que no llegaba informaci\u00f3n de los programas que este servicio ofrece. Frente a esto, Mar\u00edn ofreci\u00f3\u00a0 realizar charlas de orientaci\u00f3n con equipos de la instituci\u00f3n.<\/p>\n<p style=\"text-align: justify;\">Tambi\u00e9n se le plante\u00f3 el problema de las termitas. La autoridad reconoci\u00f3 que el Minvu no ten\u00eda a\u00fan una pol\u00edtica clara sobre el tema.<\/p>\n<h6 style=\"text-align: justify;\">Seguridad<\/h6>\n<p style=\"text-align: justify;\">La comisi\u00f3n de seguridad le plante\u00f3 al Mayor de Carabineros Sergio Inostroza y al Subprefecto de la PDI, C. Fuentes, la urgencia para abordar el problema del narcotr\u00e1fico. A su vez, los mismos vecinos llamaron a usar el espacio p\u00fablico para recuperar esos espacios del control de delincuentes.<\/p>\n<p style=\"text-align: justify;\">Tambi\u00e9n hubo cuestionamientos a la operatividad del plan cuadrante. El mayor Inostrosza aclar\u00f3 que se trataba de un sistema dise\u00f1ado para la prevenci\u00f3n. A su juicio, las acciones policiales que se deben realizar una vez ocurrido el delito part\u00edan, muchas veces, con las denuncias de los vecinos.<\/p>\n<h6 style=\"text-align: justify;\">Necesidades sociales<\/h6>\n<p style=\"text-align: justify;\">La comisi\u00f3n de necesidades sociales llam\u00f3 la atenci\u00f3n sobre el caso de la feria que se pone entre Vespucio y Santa Raquel. Se explic\u00f3 que los feriantes llegan de madrugada con mucho ruido y al terminar la jornada dejaban todo sucio. Adem\u00e1s, se realizaron gestiones en la municipalidad sin resultado.<\/p>\n<p style=\"text-align: justify;\">Tambi\u00e9n se record\u00f3 la necesidad de una casa de acogida para ancianos, en particular para Villa O\u2019Higgins. As\u00ed mismo, se consult\u00f3 por la falta de ambulancias. El seremi de Salud, Carlos Aranda, explic\u00f3 que se compraron ambulancias y que deber\u00edan llegar a los servicios de salud locales. Lo mismo con f\u00e1rmacos, en particular para adultos mayores. Se comprometi\u00f3 a fiscalizar que la autoridad municipal cumpliera con la entrega de estos.<\/p>\n<h6 style=\"text-align: justify;\">Transporte<\/h6>\n<p style=\"text-align: justify;\">La comisi\u00f3n de transporte reclam\u00f3 la falta de frecuencia de buses de Transantiago por Santa Raquel. Se explic\u00f3 que este servicio lo deb\u00eda entregar el recorrido E13, el que no pasaba con regularidad en las ma\u00f1anas, a las horas punta iba lleno. El seremi de Transporte, Mat\u00edas Salazar, explic\u00f3 que el canal de comunicaci\u00f3n para este tipo de problemas era el municipio y que el tema no se ha informado a la oficina ministerial. Con todo, se\u00f1al\u00f3 que la frecuencia de la E13 deber\u00eda ser de 12 veh\u00edculos por hora. Los vecinos dieron cuenta que la frecuencia era menor y el seremi se comprometi\u00f3 a hacer un seguimiento del caso y, como primera medida, medir el flujo de esta micro.<\/p>\n<p style=\"text-align: justify;\">Tambi\u00e9n fue consultado por la Tarjeta Nacional para el Adulto Mayor. Salazar explic\u00f3 que se estudia si es factible de aplicar dado sus costos por tratarse de una medida nacional. Anunci\u00f3 que se van a instalar nuevos paraderos del Transantiago.<\/p>\n<h6 style=\"text-align: justify;\">Senador Montes: \u201cRenovar la riqueza del proyecto, en una nueva realidad y di\u00e1logo con los j\u00f3venes\u201d<\/h6>\n<p style=\"text-align: justify;\">El senador Montes pidi\u00f3 mirar los problemas y tambi\u00e9n todo lo que se ha logrado. \u201cDespu\u00e9s de todo este tiempo, qu\u00e9 pasa, cu\u00e1les son los desaf\u00edos de hoy, \u00bfson los mismos de antes o no? Es una discusi\u00f3n que hay que hacer\u201d.<\/p>\n<p style=\"text-align: justify;\">A los dirigentes mayores los llam\u00f3 a dejar como herencia su experiencia y una visi\u00f3n que renueve un proyecto de barrio. \u201cEscuchemos a los j\u00f3venes, sus propuestas, y c\u00f3mo hacer que no quede todo muy dependiente de los dirigentes, porque ser buen dirigente tambi\u00e9n significa ser capaz de convocar a otros a participar\u201d.<\/p>\n<p style=\"text-align: justify;\">Sobre el problema de seguridad ciudadana se\u00f1al\u00f3 que es un problema relativamente nuevo, porque \u201chace algunos a\u00f1os, uno se encontraba a lo m\u00e1s con un curadito. Ahora la gente se siente insegura y todos sabemos que eso tiene que ver con la droga, porque la droga ocupa territorio\u201d.<\/p>\n<p style=\"text-align: justify;\">Advirti\u00f3 a las autoridades que hay cuestiones que dan rabia, como el problema de la droga en la Villa Arturo Prat. \u201cTodos sabemos lo que ocurre ah\u00ed y se ha denunciado no s\u00e9 cu\u00e1ntas veces\u201d, indic\u00f3. \u201cIndigna cuando uno sabe que una se\u00f1ora que vive sola con su hija, tiene en el departamento vecino personas que venden droga, y los denuncia diez veces y no pasa nada. Eso indigna. Entonces no es un problema de s\u00f3lo hacer las denuncias, sino tambi\u00e9n de que las polic\u00edas se organicen y dediquen a los lugares donde se ha perdido en control\u201d.<\/p>\n<p style=\"text-align: justify;\">Al terminar volvi\u00f3 a se\u00f1alar que el desaf\u00edo de los dirigentes \u201ces proyectar la riqueza que hemos construido para renovar el proyecto, en una nueva realidad y un nuevo di\u00e1logo con los j\u00f3venes\u201d.<\/p>\n<p><a title=\"150815 CABILDO VECINAL VILLAS O'HIGGINS JUAN EGENAU ARTURO PRAT LA FLORIDA\" href=\"https:\/\/www.flickr.com\/photos\/carlosmontescisternas\/albums\/72157657078787388\" data-flickr-embed=\"true\" data-header=\"false\" data-footer=\"false\" data-context=\"false\"><img loading=\"lazy\" src=\"https:\/\/farm6.staticflickr.com\/5794\/20703960412_8e8e36e21d_z.jpg\" alt=\"150815 CABILDO VECINAL VILLAS O'HIGGINS JUAN EGENAU ARTURO PRAT LA FLORIDA\" width=\"640\" height=\"480\" \/><\/a><script src=\"\/\/embedr.flickr.com\/assets\/client-code.js\" async=\"\" charset=\"utf-8\"><\/script><\/p>\n","protected":false},"excerpt":{"rendered":"<p>El senador Montes llam\u00f3 a proyectar la riqueza de lo construido para renovar el proyecto, en una nueva realidad y en un nuevo di\u00e1logo con los j\u00f3venes.<\/p>\n","protected":false},"author":3,"featured_media":1671,"comment_status":"open","ping_status":"open","sticky":false,"template":"","format":"standard","meta":[],"categories":[2],"tags":[651,24,540,587,650,649,648,42],"_links":{"self":[{"href":"https:\/\/www.carlosmontes.cl\/senador\/wp-json\/wp\/v2\/posts\/1668"}],"collection":[{"href":"https:\/\/www.carlosmontes.cl\/senador\/wp-json\/wp\/v2\/posts"}],"about":[{"href":"https:\/\/www.carlosmontes.cl\/senador\/wp-json\/wp\/v2\/types\/post"}],"author":[{"embeddable":true,"href":"https:\/\/www.carlosmontes.cl\/senador\/wp-json\/wp\/v2\/users\/3"}],"replies":[{"embeddable":true,"href":"https:\/\/www.carlosmontes.cl\/senador\/wp-json\/wp\/v2\/comments?post=1668"}],"version-history":[{"count":6,"href":"https:\/\/www.carlosmontes.cl\/senador\/wp-json\/wp\/v2\/posts\/1668\/revisions"}],"predecessor-version":[{"id":1681,"href":"https:\/\/www.carlosmontes.cl\/senador\/wp-json\/wp\/v2\/posts\/1668\/revisions\/1681"}],"wp:featuredmedia":[{"embeddable":true,"href":"https:\/\/www.carlosmontes.cl\/senador\/wp-json\/wp\/v2\/media\/1671"}],"wp:attachment":[{"href":"https:\/\/www.carlosmontes.cl\/senador\/wp-json\/wp\/v2\/media?parent=1668"}],"wp:term":[{"taxonomy":"category","embeddable":true,"href":"https:\/\/www.carlosmontes.cl\/senador\/wp-json\/wp\/v2\/categories?post=1668"},{"taxonomy":"post_tag","embeddable":true,"href":"https:\/\/www.carlosmontes.cl\/senador\/wp-json\/wp\/v2\/tags?post=1668"}],"curies":[{"name":"wp","href":"https:\/\/api.w.org\/{rel}","templated":true}]}}