{"id":1424,"date":"2015-05-13T19:23:36","date_gmt":"2015-05-13T23:23:36","guid":{"rendered":"http:\/\/www.carlosmontes.cl\/senador\/?p=1424"},"modified":"2015-05-14T10:11:28","modified_gmt":"2015-05-14T14:11:28","slug":"consejos-de-seguridad-coordinacion-policial","status":"publish","type":"post","link":"https:\/\/www.carlosmontes.cl\/senador\/consejos-de-seguridad-coordinacion-policial\/","title":{"rendered":"Consejo comunal de seguridad y coordinaci\u00f3n policial"},"content":{"rendered":"<p style=\"text-align: justify;\">El Senado aprob\u00f3 en general el proyecto de ley que permite a los Ministerio del Interior la creaci\u00f3n de consejos y planes comunales de seguridad. En su intervenci\u00f3n el senador Carlos Montes valor\u00f3 la iniciativa y llam\u00f3 a perfeccionarlo en la discusi\u00f3n en particular. Pidi\u00f3 hacer claros diagn\u00f3sticos comunales y sistematizar la informaci\u00f3n en seguridad. \u00abLamentablemente la informaci\u00f3n local est\u00e1 dispersa entre la Fiscal\u00eda, que tiene la mayor informaci\u00f3n, y otras organizaciones\u00bb, se\u00f1al\u00f3 el parlamentario.<\/p>\n<p style=\"text-align: justify;\">Explic\u00f3 que para hacer un plan de seguridad hay que diferenciar los organismos p\u00fablicos de seguridad de las organizaciones sociales, \u00abporque ambos cumplen roles distintos\u00bb, explic\u00f3 el senador. \u00abAdem\u00e1s del Ministerio P\u00fablico, Carabineros y la PDI, es muy importante Genadrmer\u00eda. Por ejemplo en La Florida hab\u00eda 1.200 personas que cumpl\u00edan condena en sus casas que Gendarmer\u00eda ten\u00eda que vigilar\u00bb.<\/p>\n<p style=\"text-align: justify;\">Una de las mayores debilidades del sistema es la falta de coordinaci\u00f3n de los organismos p\u00fablicos de seguridad a nivel local. \u00abFiscal\u00eda ordena tareas a alguna de las polic\u00edas pero no tienen un diag\u00f3stico com\u00fan, y si lo tienen no lo comparten\u00bb, se\u00f1al\u00f3 Montes.<\/p>\n<p style=\"text-align: justify;\">De ah\u00ed que el principal problema no sea la falta de recursos, sino la falta de coordinaci\u00f3n. \u00abEn una poblaci\u00f3n de La Florida hab\u00eda 10 programas de seguridad y ninguna dialogaba entre s\u00ed\u00bb, indic\u00f3 el parlamentario. \u00abIncluso cuando se asignaban recursos se transformaba el consejo de esa comuna en un lugar de concurso de proyectos sin saber si era \u00fatil o no, sin responder a la realidad de los vecinos, organizaciones sociales y p\u00fablicas\u00bb, termin\u00f3.<\/p>\n","protected":false},"excerpt":{"rendered":"<p>El Senado aprob\u00f3 en general el proyecto de ley que permite a los Ministerio del Interior la creaci\u00f3n de consejos y planes comunales de seguridad.<\/p>\n","protected":false},"author":3,"featured_media":1428,"comment_status":"open","ping_status":"open","sticky":false,"template":"","format":"standard","meta":[],"categories":[11,6,2],"tags":[492,602,599,603,553],"_links":{"self":[{"href":"https:\/\/www.carlosmontes.cl\/senador\/wp-json\/wp\/v2\/posts\/1424"}],"collection":[{"href":"https:\/\/www.carlosmontes.cl\/senador\/wp-json\/wp\/v2\/posts"}],"about":[{"href":"https:\/\/www.carlosmontes.cl\/senador\/wp-json\/wp\/v2\/types\/post"}],"author":[{"embeddable":true,"href":"https:\/\/www.carlosmontes.cl\/senador\/wp-json\/wp\/v2\/users\/3"}],"replies":[{"embeddable":true,"href":"https:\/\/www.carlosmontes.cl\/senador\/wp-json\/wp\/v2\/comments?post=1424"}],"version-history":[{"count":2,"href":"https:\/\/www.carlosmontes.cl\/senador\/wp-json\/wp\/v2\/posts\/1424\/revisions"}],"predecessor-version":[{"id":1427,"href":"https:\/\/www.carlosmontes.cl\/senador\/wp-json\/wp\/v2\/posts\/1424\/revisions\/1427"}],"wp:featuredmedia":[{"embeddable":true,"href":"https:\/\/www.carlosmontes.cl\/senador\/wp-json\/wp\/v2\/media\/1428"}],"wp:attachment":[{"href":"https:\/\/www.carlosmontes.cl\/senador\/wp-json\/wp\/v2\/media?parent=1424"}],"wp:term":[{"taxonomy":"category","embeddable":true,"href":"https:\/\/www.carlosmontes.cl\/senador\/wp-json\/wp\/v2\/categories?post=1424"},{"taxonomy":"post_tag","embeddable":true,"href":"https:\/\/www.carlosmontes.cl\/senador\/wp-json\/wp\/v2\/tags?post=1424"}],"curies":[{"name":"wp","href":"https:\/\/api.w.org\/{rel}","templated":true}]}}