{"id":1401,"date":"2015-04-21T09:18:01","date_gmt":"2015-04-21T12:18:01","guid":{"rendered":"http:\/\/www.carlosmontes.cl\/senador\/?p=1401"},"modified":"2015-04-21T09:22:54","modified_gmt":"2015-04-21T12:22:54","slug":"senador-montes-pide-mas-aporte-a-la-ciudad-de-proyectos-inmobiliarios","status":"publish","type":"post","link":"https:\/\/www.carlosmontes.cl\/senador\/senador-montes-pide-mas-aporte-a-la-ciudad-de-proyectos-inmobiliarios\/","title":{"rendered":"Senador Montes pide m\u00e1s aporte a la ciudad de proyectos inmobiliarios"},"content":{"rendered":"<p style=\"text-align: justify;\">La Comisi\u00f3n de Vivienda y Urbanismo del Senado continu\u00f3 este lunes\u00a0analizando un borrador de indicaci\u00f3n, elaborado por el Gobierno, respecto del\u00a0proyecto de ley, en segundo tr\u00e1mite constitucional, que modifica la Ley General de Urbanismo y Construcciones y leyes complementarias, para establecer un sistema de aportes al espacio p\u00fablico aplicable a los proyectos de construcci\u00f3n <a title=\"Bolet\u00edn 8493-14\" href=\"http:\/\/www.senado.cl\/appsenado\/templates\/tramitacion\/index.php?boletin_ini=8493-14\" target=\"_blank\">(Bolet\u00edn N\u00ba 8.493-14)<\/a>. La sesi\u00f3n de la instancia legislativa cont\u00f3 con la\u00a0exposici\u00f3n de representantes del Colegio de Arquitectos, desarrolladores inmobiliarios, municipios y especialistas quienes expresaron sus inquietudes en torno a la propuesta.<\/p>\n<p style=\"text-align: justify;\">La iniciativa persigue regular las mitigaciones y aportes que\u00a0los proyectos de construcci\u00f3n en altura deben realizar. Se\u00a0pretende corregir las imperfecciones de la normativa vigente. Las actuales disposiciones establecen que el urbanizador s\u00f3lo debe realizar\u00a0mitigaciones en materia de impacto vial, a trav\u00e9s de los estudios respectivos (EISTU),\u00a0cuando los proyectos\u00a0tienen m\u00e1s de 150 estacionamientos (si son comerciales) o 250 (si son residenciales). La inmensa mayor\u00eda de los\u00a0proyectos, entonces, no aporta al espacio p\u00fablico, pues\u00a0se elaboran con un n\u00famero menor.<\/p>\n<p style=\"text-align: justify;\">El proyecto pretende que todos los proyectos de densificaci\u00f3n en altura, independiente de sus caracter\u00edsticas, realicen un aporte al espacio urbano que sea proporcional a su impacto. La idea es\u00a0contar con un sistema que sea objetivo y predecible para los desarrolladores inmobiliarios y que permita a su vez a la ciudad contar con recursos para acometer las obras de mejoramiento en transportes y equipamiento urbano. La propuesta del Ejecutivo\u00a0es disponer de un plan de inversiones previamente\u00a0elaborado y valorizado y que\u00a0los proyectos que se construyan realicen mitigaciones viales y aportes para la\u00a0materializaci\u00f3n de estas obras, considerando tanto la comuna como el \u00e1rea metropolitana, cuando corresponda.<\/p>\n<p style=\"text-align: justify;\">El senador Carlos Montes ha recalcado la importancia de esta iniciativa haciendo ver el d\u00e9ficit existente en el pa\u00eds en la planificaci\u00f3n de las ciudades. Asimismo, ha insistido en la necesidad de mirar el desarrollo inmobiliario con una perspectiva de bien com\u00fan, conjugando los intereses particulares, con el del conjunto de los habitantes.<\/p>\n","protected":false},"excerpt":{"rendered":"<p>La Comisi\u00f3n de Vivienda y Urbanismo del Senado continu\u00f3 este lunes\u00a0analizando un borrador de indicaci\u00f3n, elaborado por el Gobierno, respecto del\u00a0proyecto de ley, en segundo tr\u00e1mite constitucional, que modifica la Ley General de Urbanismo y Construcciones y leyes complementarias, para establecer un sistema de aportes al espacio p\u00fablico aplicable a los proyectos de construcci\u00f3n (Bolet\u00edn &hellip;<\/p>\n","protected":false},"author":2,"featured_media":1402,"comment_status":"open","ping_status":"open","sticky":false,"template":"","format":"standard","meta":[],"categories":[11,2],"tags":[582,584,32,574,588,581,583,590,92,585,261,337,587,86,589,586,431],"_links":{"self":[{"href":"https:\/\/www.carlosmontes.cl\/senador\/wp-json\/wp\/v2\/posts\/1401"}],"collection":[{"href":"https:\/\/www.carlosmontes.cl\/senador\/wp-json\/wp\/v2\/posts"}],"about":[{"href":"https:\/\/www.carlosmontes.cl\/senador\/wp-json\/wp\/v2\/types\/post"}],"author":[{"embeddable":true,"href":"https:\/\/www.carlosmontes.cl\/senador\/wp-json\/wp\/v2\/users\/2"}],"replies":[{"embeddable":true,"href":"https:\/\/www.carlosmontes.cl\/senador\/wp-json\/wp\/v2\/comments?post=1401"}],"version-history":[{"count":3,"href":"https:\/\/www.carlosmontes.cl\/senador\/wp-json\/wp\/v2\/posts\/1401\/revisions"}],"predecessor-version":[{"id":1405,"href":"https:\/\/www.carlosmontes.cl\/senador\/wp-json\/wp\/v2\/posts\/1401\/revisions\/1405"}],"wp:featuredmedia":[{"embeddable":true,"href":"https:\/\/www.carlosmontes.cl\/senador\/wp-json\/wp\/v2\/media\/1402"}],"wp:attachment":[{"href":"https:\/\/www.carlosmontes.cl\/senador\/wp-json\/wp\/v2\/media?parent=1401"}],"wp:term":[{"taxonomy":"category","embeddable":true,"href":"https:\/\/www.carlosmontes.cl\/senador\/wp-json\/wp\/v2\/categories?post=1401"},{"taxonomy":"post_tag","embeddable":true,"href":"https:\/\/www.carlosmontes.cl\/senador\/wp-json\/wp\/v2\/tags?post=1401"}],"curies":[{"name":"wp","href":"https:\/\/api.w.org\/{rel}","templated":true}]}}