{"id":1290,"date":"2015-01-29T19:05:27","date_gmt":"2015-01-29T22:05:27","guid":{"rendered":"http:\/\/www.carlosmontes.cl\/senador\/?p=1290"},"modified":"2015-01-29T19:25:46","modified_gmt":"2015-01-29T22:25:46","slug":"ley-de-inclusion-escolar-fin-al-lucro-la-seleccion-y-el-copago","status":"publish","type":"post","link":"https:\/\/www.carlosmontes.cl\/senador\/ley-de-inclusion-escolar-fin-al-lucro-la-seleccion-y-el-copago\/","title":{"rendered":"Ley de Inclusi\u00f3n Escolar: Fin al lucro, la selecci\u00f3n y el copago"},"content":{"rendered":"<h4 style=\"text-align: center;\"><strong><span style=\"color: #029ddd;\">LEY de INCLUSI\u00d3N ESCOLAR<\/span><\/strong><\/h4>\n<h5 style=\"text-align: center;\"><strong><span style=\"color: #e40076;\">Fin al lucro, la selecci\u00f3n y el copago<\/span><\/strong><\/h5>\n<p style=\"text-align: justify;\">El <strong>proyecto de ley sobre Inclusi\u00f3n Escolar<\/strong> constituye un gran paso para transformar la educaci\u00f3n de mercado que se impuso en el pa\u00eds en los 80. Se terminan el lucro, la selecci\u00f3n y el copago, tres cuestiones que contribuyeron a una educaci\u00f3n desigual y segregada, de calidad estancada y con un sistema p\u00fablico deteriorado.<\/p>\n<p style=\"text-align: justify;\">Te invitamos<strong> a conocer los principales aspectos de la iniciativa aprobada<\/strong> por el Congreso Nacional.<\/p>\n<h6>FIN AL LUCRO<\/h6>\n<p style=\"text-align: justify;\"><img loading=\"lazy\" class=\"alignright wp-image-1296\" src=\"http:\/\/www.carlosmontes.cl\/senador\/wp-content\/uploads\/2015\/01\/14.05.31-DI\u00c1LOGO-CIUDADANO-REFORMA-EDUCACIONAL-CC-LA-BARRACA-2.jpg\" alt=\"14.05.31 DI\u00c1LOGO CIUDADANO REFORMA EDUCACIONAL CC LA BARRACA (2)\" width=\"300\" height=\"251\" srcset=\"https:\/\/www.carlosmontes.cl\/senador\/wp-content\/uploads\/2015\/01\/14.05.31-DI\u00c1LOGO-CIUDADANO-REFORMA-EDUCACIONAL-CC-LA-BARRACA-2.jpg 451w, https:\/\/www.carlosmontes.cl\/senador\/wp-content\/uploads\/2015\/01\/14.05.31-DI\u00c1LOGO-CIUDADANO-REFORMA-EDUCACIONAL-CC-LA-BARRACA-2-300x251.jpg 300w\" sizes=\"(max-width: 300px) 100vw, 300px\" \/>La<strong> regla general <\/strong>es que los colegios y liceos tendr\u00e1n hasta diciembre de 2017 para organizarse como una entidad sin fines de lucro. Luego de ello disponen de tres a\u00f1os para usar la infraestructura como propietario o comodatario.<\/p>\n<p style=\"text-align: justify;\">Se generar\u00e1 un<strong> r\u00e9gimen de transici\u00f3n <\/strong>diferenciado para los colegios de menos de 400 alumnos<strong>. <\/strong>Estos tienen dos opciones adicionales:<\/p>\n<p style=\"text-align: justify;\"><strong>&#8211; <\/strong>Tres a\u00f1os para continuar con arriendos entre partes relacionadas, como el actual due\u00f1o con la nueva entidad sostenedora sin fin de lucro de la que tambi\u00e9n forme parte.<\/p>\n<p style=\"text-align: justify;\"><strong>&#8211; <\/strong>Se permite que luego de ello, sus sostenedores puedan convenir un contrato de uso de infraestructura con una renta anual de 4.2% del aval\u00fao fiscal.<\/p>\n<p style=\"text-align: justify;\"><strong>\u00bfC\u00f3mo se controla la prohibici\u00f3n de lucro en la educaci\u00f3n financiada con recursos p\u00fablicos<\/strong>? De diversas formas:<\/p>\n<p style=\"text-align: justify;\">Se <strong>eleva la categor\u00eda legal<\/strong> de esta obligaci\u00f3n al incluirlo en la <strong>Ley General de Educaci\u00f3n.<\/strong><\/p>\n<p style=\"text-align: justify;\">Se refuerza el <strong>car\u00e1cter p\u00fablico destinado a<\/strong> <strong>fines educacionales <\/strong>de las subvenciones y aportes del Estado. Se definen los usos posibles de estos recursos y se exige que, en el caso de la remuneraci\u00f3n del sostenedor, ella est\u00e9 ligada a un trabajo <strong>permanente y efectivo<\/strong>.<\/p>\n<p style=\"text-align: justify;\">Se establecen<strong> sanciones<\/strong> para los que sustraigan o distraigan recursos de los fines educacionales. Deber\u00e1n restituirlos adem\u00e1s de pagar una multa, sin perjuicio de las <strong>responsabilidades civiles, administrativas y penales <\/strong>que correspondan y que, en este \u00faltimo caso, pueden llegar a la c\u00e1rcel<strong>. <\/strong>La Superintendencia y el Servicio de Impuestos Internos deber\u00e1n denunciar las infracciones al Ministerio P\u00fablico.<\/p>\n<p style=\"text-align: justify;\">A trav\u00e9s de la<strong> rendici\u00f3n de cuentas <\/strong>se fortalece el control y la fiscalizaci\u00f3n, con mecanismos tales como:<\/p>\n<p style=\"padding-left: 30px;\">&#8211; Exigencia de contabilidad completa.<\/p>\n<p style=\"padding-left: 30px;\">&#8211; Exigencia de cuenta corriente separada para la administraci\u00f3n de establecimientos.<\/p>\n<p style=\"padding-left: 30px;\">&#8211; Incorporaci\u00f3n del Servicio de Impuestos Internos a la fiscalizaci\u00f3n, en coordinaci\u00f3n con Superintendencia.<\/p>\n<p style=\"padding-left: 30px;\">&#8211; Exigencia de declaraciones juradas a los sostenedores sobre sus ingresos.<\/p>\n<p style=\"padding-left: 30px;\">&#8211; Facultad de la Superintendencia para requerir levantar el secreto bancario y acceder a las operaciones realizadas por los sostenedores.<\/p>\n<p style=\"padding-left: 30px;\">&#8211; Permitir al SII aportar informaci\u00f3n tributaria, de los fiscalizados, a la Superintendencia.<\/p>\n<p><img loading=\"lazy\" class=\"alignright wp-image-1298\" src=\"http:\/\/www.carlosmontes.cl\/senador\/wp-content\/uploads\/2015\/01\/14.07.26-DI\u00c1LOGO-REFORMA-EDUCACIONAL-JUVENTUDE-NM-QUINTA-NORMAL-38.jpg\" alt=\"14.07.26 DI\u00c1LOGO REFORMA EDUCACIONAL JUVENTUDE NM QUINTA NORMAL (38)\" width=\"300\" height=\"224\" srcset=\"https:\/\/www.carlosmontes.cl\/senador\/wp-content\/uploads\/2015\/01\/14.07.26-DI\u00c1LOGO-REFORMA-EDUCACIONAL-JUVENTUDE-NM-QUINTA-NORMAL-38.jpg 518w, https:\/\/www.carlosmontes.cl\/senador\/wp-content\/uploads\/2015\/01\/14.07.26-DI\u00c1LOGO-REFORMA-EDUCACIONAL-JUVENTUDE-NM-QUINTA-NORMAL-38-300x224.jpg 300w\" sizes=\"(max-width: 300px) 100vw, 300px\" \/>Muy importante es el <strong>control social. <\/strong>Se obliga a los establecimientos subvencionados a crear <strong>Consejos Escolares, <\/strong>los que sesionar\u00e1n al menos <strong>cuatro veces<\/strong> al a\u00f1o. Directores y sostenedores no podr\u00e1n entorpecer su constituci\u00f3n y funcionamiento.<\/p>\n<p style=\"text-align: justify;\">En las reuniones el director <strong>informar\u00e1<\/strong> <strong>sobre la marcha del establecimiento<\/strong> y las <strong>resoluciones<\/strong> <strong>de organismos p\u00fablicos <\/strong>respecto del colegio.<\/p>\n<p style=\"text-align: justify;\">Los directores o sostenedores deber\u00e1n responder los pronunciamientos del Consejo sobre la <strong>programaci\u00f3n anual, actividades extracurriculares<\/strong> y el <strong>reglamento interno<\/strong>. Sobre esta \u00faltima materia se realizar\u00e1 una\u00a0<strong>jornada anual<\/strong> de discusi\u00f3n abierta a toda la comunidad escolar.<\/p>\n<p style=\"text-align: justify;\">Tambi\u00e9n, el Consejo discutir\u00e1, la <strong>rendici\u00f3n de cuentas<\/strong> que el establecimiento presente a la Superintendencia de Educaci\u00f3n.<\/p>\n<p style=\"text-align: justify;\"><strong>\u00bfQu\u00e9 apoyo tendr\u00e1n los establecimientos?<\/strong><\/p>\n<p style=\"text-align: justify;\">El MINEDUC deber\u00e1 implementar un <strong>programa de asesor\u00eda y apoyo para el per\u00edodo de transici\u00f3n<\/strong>. Asimismo, el Estado garantizar\u00e1 los cr\u00e9ditos que los sostenedores obtengan en instituciones bancarias para adquirir los colegios o realizar mejoras a los inmuebles.<\/p>\n<p><strong>\u00a0<\/strong><\/p>\n<h6><strong>FIN A LA SELECCI\u00d3N<\/strong><\/h6>\n<p style=\"text-align: justify;\"><img loading=\"lazy\" class=\"alignright wp-image-1300\" src=\"http:\/\/www.carlosmontes.cl\/senador\/wp-content\/uploads\/2015\/01\/14.08.11-DI\u00c1LOGO-EDUCACI\u00d3N-COLEGIO-MAR\u00cdA-LUISA-BOMBAL-VITACURA-10.jpg\" alt=\"14.08.11 DI\u00c1LOGO EDUCACI\u00d3N COLEGIO MAR\u00cdA LUISA BOMBAL VITACURA (10)\" width=\"300\" height=\"230\" srcset=\"https:\/\/www.carlosmontes.cl\/senador\/wp-content\/uploads\/2015\/01\/14.08.11-DI\u00c1LOGO-EDUCACI\u00d3N-COLEGIO-MAR\u00cdA-LUISA-BOMBAL-VITACURA-10.jpg 464w, https:\/\/www.carlosmontes.cl\/senador\/wp-content\/uploads\/2015\/01\/14.08.11-DI\u00c1LOGO-EDUCACI\u00d3N-COLEGIO-MAR\u00cdA-LUISA-BOMBAL-VITACURA-10-300x230.jpg 300w\" sizes=\"(max-width: 300px) 100vw, 300px\" \/>La<strong> regla general <\/strong>es que en los establecimientos particulares subvencionados se <strong>terminan los test, pruebas de admisi\u00f3n o evaluaci\u00f3n del rendimiento pasado o potencial de los estudiantes<\/strong>. Tampoco se permite condicionar el ingreso o permanencia por el estado civil de los padres.<\/p>\n<p style=\"text-align: justify;\">Se implementar\u00e1 un <strong>sistema de admisi\u00f3n \u00fanico<\/strong>. Padres y apoderados postular\u00e1n a cada colegio a trav\u00e9s de una plataforma que llevar\u00e1 el registro de su ingreso. <strong>S\u00f3lo se requiere expresar adhesi\u00f3n al proyecto educativo y al reglamento interno. <\/strong><\/p>\n<p style=\"text-align: justify;\">En caso de haber m\u00e1s postulantes que cupos, cada colegio aplicar\u00e1 un sistema al azar, que deber\u00e1 informar al MINEDUC. S\u00f3lo tendr\u00e1 como excepciones:<\/p>\n<p style=\"text-align: justify; padding-left: 30px;\">&#8211;\u00a0\u00a0\u00a0 Los hermanos de alumnos matriculados en el mismo establecimiento.<\/p>\n<p style=\"text-align: justify; padding-left: 30px;\">&#8211; \u00a0\u00a0 El 15 % de alumnos vulnerables o prioritarios.<\/p>\n<p style=\"text-align: justify; padding-left: 30px;\">&#8211; \u00a0\u00a0 Hijos de profesores, asistentes de la educaci\u00f3n y manipuladoras de alimentos del mismo colegio.<\/p>\n<p style=\"text-align: justify; padding-left: 30px;\">&#8211; \u00a0\u00a0 Ex alumnos que regresen al establecimiento.<\/p>\n<p style=\"text-align: justify;\">El sistema se aplicar\u00e1 a partir del a\u00f1o escolar 2017, con <strong>una transici\u00f3n<\/strong> gradual. Primero, en una regi\u00f3n con una poblaci\u00f3n no mayor de 300 mil habitantes y para el primer nivel escolar. En 2018 se aplicar\u00e1 a todos los niveles de la regi\u00f3n que hubieran comenzado el a\u00f1o anterior y al primer nivel de cuatro regiones cuya poblaci\u00f3n sea inferior a un mill\u00f3n de habitantes. En 2019 se aplicar\u00e1 a todos los niveles de las cuatro regiones anteriores y al primer curso de las restantes. <strong>En 2020 el sistema se aplicar\u00e1 en todo el pa\u00eds en todos los niveles.<\/strong><\/p>\n<p style=\"text-align: justify;\">En el caso de los <strong>colegios emblem\u00e1ticos o de especializaci\u00f3n temprana, <\/strong>el MINEDUC podr\u00e1 autorizar excepcionalmente a proyectos educativos que acrediten esa calidad para seleccionar <strong>hasta un 30%<\/strong> de su alumnado. <strong>El otro 70% ingresar\u00e1 a trav\u00e9s del<\/strong> <strong>procedimiento regular y universal de admisi\u00f3n.<\/strong><\/p>\n<p style=\"text-align: justify;\">En el caso de los liceos de alta exigencia acad\u00e9mica podr\u00e1n seleccionar un 30% del estudiantado del 20% de los estudiantes de mejor rendimiento de sus establecimientos de origen.<\/p>\n<p style=\"text-align: justify;\"><img loading=\"lazy\" class=\"alignright wp-image-1309\" src=\"http:\/\/www.carlosmontes.cl\/senador\/wp-content\/uploads\/2015\/01\/14.08.30-TALLER-FORO-CIUDADANO-POR-UNA-NUEVA-EDUCACI\u00d3N-P\u00daBLICA-EX-CONGRESO-6.jpeg\" alt=\"14.08.30 TALLER FORO CIUDADANO POR UNA NUEVA EDUCACI\u00d3N P\u00daBLICA EX CONGRESO (6)\" width=\"300\" height=\"214\" srcset=\"https:\/\/www.carlosmontes.cl\/senador\/wp-content\/uploads\/2015\/01\/14.08.30-TALLER-FORO-CIUDADANO-POR-UNA-NUEVA-EDUCACI\u00d3N-P\u00daBLICA-EX-CONGRESO-6.jpeg 515w, https:\/\/www.carlosmontes.cl\/senador\/wp-content\/uploads\/2015\/01\/14.08.30-TALLER-FORO-CIUDADANO-POR-UNA-NUEVA-EDUCACI\u00d3N-P\u00daBLICA-EX-CONGRESO-6-300x214.jpeg 300w\" sizes=\"(max-width: 300px) 100vw, 300px\" \/>Los establecimientos de especializaci\u00f3n temprana (art\u00edsticos o deportivos) podr\u00e1n seleccionar el 30% a trav\u00e9s de pruebas de aptitudes que no podr\u00e1n evaluar otro tipo de factores.<\/p>\n<p style=\"text-align: justify;\"><strong>Los liceos emblem\u00e1ticos tendr\u00e1n un r\u00e9gimen de transici\u00f3n <\/strong>de cuatro a\u00f1os a partir de aqu\u00e9l en que la regi\u00f3n en que se encuentran se aplique el sistema \u00fanico de admisi\u00f3n. Reducir\u00e1n gradualmente el porcentaje de alumnos seleccionados primero el 85%, luego 70%, 50% y 30%. Ello podr\u00eda revisarse al discutirse la ley sobre reorganizaci\u00f3n de la educaci\u00f3n p\u00fablica.<\/p>\n<p style=\"text-align: justify;\">Se <strong>modifican las normas sobre expulsi\u00f3n de alumnos<\/strong> para asegurar un <strong>debido proceso y la existencia de medidas de advertencia<\/strong> y apoyo a favor de los estudiantes. La decisi\u00f3n \u00faltima queda a cargo del director con informe del Consejo de Profesores. El MINEDUC deber\u00e1 velar por la continuidad de los estudios.<\/p>\n<p style=\"text-align: justify;\">Para los<strong> colegios particulares pagados <\/strong>se proh\u00edbe discriminar por el estado civil de los padres, se consagra el derecho a repetir un curso por ciclo sin que se cancele la matr\u00edcula y se proh\u00edbe, asimismo, que ello se produzca en raz\u00f3n del rendimiento acad\u00e9mico.<\/p>\n<p><strong>\u00a0<\/strong><\/p>\n<h6><strong><img loading=\"lazy\" class=\"alignright wp-image-1302\" src=\"http:\/\/www.carlosmontes.cl\/senador\/wp-content\/uploads\/2015\/01\/150116-COMISI\u00d3N-DE-HACIENDA-Y-EDUCACI\u00d3N-8.jpg\" alt=\"150116 COMISI\u00d3N DE HACIENDA Y EDUCACI\u00d3N (8)\" width=\"300\" height=\"224\" srcset=\"https:\/\/www.carlosmontes.cl\/senador\/wp-content\/uploads\/2015\/01\/150116-COMISI\u00d3N-DE-HACIENDA-Y-EDUCACI\u00d3N-8.jpg 412w, https:\/\/www.carlosmontes.cl\/senador\/wp-content\/uploads\/2015\/01\/150116-COMISI\u00d3N-DE-HACIENDA-Y-EDUCACI\u00d3N-8-300x223.jpg 300w\" sizes=\"(max-width: 300px) 100vw, 300px\" \/>Fin al copago<\/strong><\/h6>\n<p>Se <strong>terminar\u00e1 paulatinamente con el copago<\/strong>, a trav\u00e9s de la implementaci\u00f3n, desde el 2016, de la Subvenci\u00f3n de Gratuidad, el incremento de las restantes subvenciones y el congelamiento del cobro de aranceles en los planteles. <strong>La gratuidad alcanzar\u00e1, a fines del Gobierno de la Presidenta Bachelet, un 93% de los establecimientos particulares subvencionados<\/strong>.<\/p>\n<p>&nbsp;<\/p>\n<h6><strong>Fondo para la Educaci\u00f3n P\u00fablica<\/strong><\/h6>\n<p>Se crea <strong>un fondo de 250 mil millones de pesos anuales<\/strong> para el per\u00edodo 2016 a 2019 destinado a <strong>recuperar<\/strong> <strong>y fortalecer la educaci\u00f3n p\u00fablica<\/strong>. Para 2015, la ley de presupuesto ya contempla 180 mil millones de pesos.<br \/>\n&nbsp;<br \/>\n&nbsp;<\/p>\n<h5 style=\"text-align: center;\"><span style=\"color: #029ddd;\">CORRIENTE DE IDEAS Y ACCI\u00d3N SUR ORIENTE<\/span><\/h5>\n<p><img loading=\"lazy\" class=\"aligncenter wp-image-1305\" src=\"http:\/\/www.carlosmontes.cl\/senador\/wp-content\/uploads\/2015\/01\/14.09.27-MURAL-NUEVA-EDUCACI\u00d3N-P\u00daBLICA-LA-FLORIDA-11.jpg\" alt=\"14.09.27 MURAL  NUEVA EDUCACI\u00d3N P\u00daBLICA LA FLORIDA (1)\" width=\"550\" height=\"333\" srcset=\"https:\/\/www.carlosmontes.cl\/senador\/wp-content\/uploads\/2015\/01\/14.09.27-MURAL-NUEVA-EDUCACI\u00d3N-P\u00daBLICA-LA-FLORIDA-11.jpg 597w, https:\/\/www.carlosmontes.cl\/senador\/wp-content\/uploads\/2015\/01\/14.09.27-MURAL-NUEVA-EDUCACI\u00d3N-P\u00daBLICA-LA-FLORIDA-11-300x181.jpg 300w\" sizes=\"(max-width: 550px) 100vw, 550px\" \/><\/p>\n<p>&nbsp;<br \/>\n&nbsp;<\/p>\n<p><a href=\"http:\/\/www.carlosmontes.cl\/senador\/wp-content\/uploads\/2015\/01\/150129-BOLETIN-Ley-de-Inclusi\u00f3n.pdf\"><img loading=\"lazy\" class=\"alignleft wp-image-1010\" src=\"http:\/\/www.carlosmontes.cl\/senador\/wp-content\/uploads\/2014\/10\/LogoPDF-02.png\" alt=\"LogoPDF 02\" width=\"30\" height=\"30\" \/>DESCARGA EL BOLET\u00cdN (436KB)<\/a><\/p>\n","protected":false},"excerpt":{"rendered":"<p>La ley de Inclusi\u00f3n Escolar es un gran paso para transformar la educaci\u00f3n de mercado que se impuso en el pa\u00eds en los 80. Te invitamos a conocer los principales aspectos de la iniciativa.<\/p>\n","protected":false},"author":3,"featured_media":1307,"comment_status":"open","ping_status":"open","sticky":false,"template":"","format":"standard","meta":[],"categories":[7,2],"tags":[258,205,215,214,252,216],"_links":{"self":[{"href":"https:\/\/www.carlosmontes.cl\/senador\/wp-json\/wp\/v2\/posts\/1290"}],"collection":[{"href":"https:\/\/www.carlosmontes.cl\/senador\/wp-json\/wp\/v2\/posts"}],"about":[{"href":"https:\/\/www.carlosmontes.cl\/senador\/wp-json\/wp\/v2\/types\/post"}],"author":[{"embeddable":true,"href":"https:\/\/www.carlosmontes.cl\/senador\/wp-json\/wp\/v2\/users\/3"}],"replies":[{"embeddable":true,"href":"https:\/\/www.carlosmontes.cl\/senador\/wp-json\/wp\/v2\/comments?post=1290"}],"version-history":[{"count":18,"href":"https:\/\/www.carlosmontes.cl\/senador\/wp-json\/wp\/v2\/posts\/1290\/revisions"}],"predecessor-version":[{"id":1317,"href":"https:\/\/www.carlosmontes.cl\/senador\/wp-json\/wp\/v2\/posts\/1290\/revisions\/1317"}],"wp:featuredmedia":[{"embeddable":true,"href":"https:\/\/www.carlosmontes.cl\/senador\/wp-json\/wp\/v2\/media\/1307"}],"wp:attachment":[{"href":"https:\/\/www.carlosmontes.cl\/senador\/wp-json\/wp\/v2\/media?parent=1290"}],"wp:term":[{"taxonomy":"category","embeddable":true,"href":"https:\/\/www.carlosmontes.cl\/senador\/wp-json\/wp\/v2\/categories?post=1290"},{"taxonomy":"post_tag","embeddable":true,"href":"https:\/\/www.carlosmontes.cl\/senador\/wp-json\/wp\/v2\/tags?post=1290"}],"curies":[{"name":"wp","href":"https:\/\/api.w.org\/{rel}","templated":true}]}}