{"id":1068,"date":"2014-11-03T17:00:09","date_gmt":"2014-11-03T20:00:09","guid":{"rendered":"http:\/\/www.carlosmontes.cl\/senador\/?p=1068"},"modified":"2014-11-03T17:00:09","modified_gmt":"2014-11-03T20:00:09","slug":"proyecto-de-una-nueva-educacion-publica-es-clave-para-que-ciudadanos-se-sumen-a-la-reforma","status":"publish","type":"post","link":"https:\/\/www.carlosmontes.cl\/senador\/proyecto-de-una-nueva-educacion-publica-es-clave-para-que-ciudadanos-se-sumen-a-la-reforma\/","title":{"rendered":"\u201cProyecto de una nueva educaci\u00f3n p\u00fablica es clave para que ciudadanos se sumen a la reforma\u201d"},"content":{"rendered":"<p style=\"text-align: right;\"><em>FOTO: Foro reforma educacional en \u00d1u\u00f1oa junto a la Subsecretaria de Educaci\u00f3n, Valentina Quiroga, y la diputada Maya Fern\u00e1ndez.<\/em><\/p>\n<p style=\"text-align: justify;\"><span style=\"line-height: 1.5em;\">En una <a href=\"http:\/\/www.adnradio.cl\/noticias\/politica\/carlos-montes-y-posible-cambio-de-gabinete-hay-que-afirmar-a-eyzaguirre-debemos-apoyarlo\/20141103\/nota\/2490189.aspx\" target=\"_blank\">entrevista en radio ADN<\/a> el senador Montes pidi\u00f3 <strong>iniciar la construcci\u00f3n de una nueva educaci\u00f3n p\u00fablica en simult\u00e1neo con la tramitaci\u00f3n del proyecto que termina con el lucro, la selecci\u00f3n y el copago<\/strong>. \u201cLa educaci\u00f3n p\u00fablica es clave porque muchos ciudadanos que votaron por este proyecto de reforma no tienen como incorporarse, como participar\u201d, explic\u00f3.<\/span><\/p>\n<p style=\"text-align: justify;\">Asegur\u00f3 que <strong>junto con los cambios legales, hay que provocar un cambio en las escuelas<\/strong>, \u201cporque est\u00e1n llenas de potencialidad para pensar en cambios en el corto plazo\u201d.<\/p>\n<p style=\"text-align: justify;\">En tal sentido, propuso <strong>un trazado de acciones en tal sentido a trav\u00e9s del Presupuesto 2015<\/strong> que \u201cpermitir\u00eda partir<strong> en diciembre con la preparaci\u00f3n de equipos especializados<\/strong> para que apoyen a los colegios p\u00fablicos desde las Direcciones Provinciales en todo el pa\u00eds\u201d. As\u00ed mismo, en enero <strong>se pueden reunir los directores de colegios<\/strong> \u201cpara discutir un programa de revitalizaci\u00f3n de la educaci\u00f3n p\u00fablica para el bienio 2015 y 2016\u201d.<\/p>\n<p style=\"text-align: justify;\">Al mismo tiempo, se pueden <strong>contratar administradores para los 901 colegios p\u00fablicos de m\u00e1s de 500 alumnos<\/strong>. \u201cAs\u00ed el director puede dedicarse a su rol, como fue hist\u00f3ricamente, y no estar preocupado de las llaves de los ba\u00f1os o las estad\u00edsticas que hay que mandar al Ministerio\u201d, explic\u00f3.<\/p>\n<p style=\"text-align: justify;\">\u201c<strong>Necesitamos suspender el SIMCE, o no hacerlo p\u00fablico<\/strong>, y prohibir que se usen horas de clase a prepararlo porque buena parte de ese tiempo no se dedica a formar al ni\u00f1o, a estimular su desarrollo en la dimensi\u00f3n afectiva, cultural, deportiva, etc.\u201d.<\/p>\n<p style=\"text-align: justify;\">Habl\u00f3 adem\u00e1s de un conjunto de cosas muy concretas <strong>\u201cpara que este cuerpo -la educaci\u00f3n p\u00fablica-, que tiene muchas condiciones acumuladas pero que est\u00e1 afectado del alma, tenga una mayor autoestima, valoraci\u00f3n en la sociedad y genere un aprendizaje distinto<\/strong>\u201d.<\/p>\n<p style=\"text-align: justify;\">Dentro de estos<strong> instrumentos de apoyo a los colegios<\/strong>, se puede hacer \u201cque el BAFONA, la Orquesta Sinf\u00f3nica y otros conjuntos art\u00edsticos, dependientes del Estado, est\u00e9n todos los d\u00edas en alg\u00fan establecimiento; asegurarle a los colegios municipales que tengan cursos m\u00e1s chicos y que no sigan juntando cursos; que los profesores cuenten con m\u00e1s tiempo para preparar las clases; incluir m\u00e1s horas en 1\u00b0 y 2\u00b0 b\u00e1sico para prepararlos en ingl\u00e9s, etc.\u201d, termin\u00f3.<\/p>\n","protected":false},"excerpt":{"rendered":"<p>En entrevista en radio ADN el senador Montes pidi\u00f3 iniciar la construcci\u00f3n de una nueva educaci\u00f3n p\u00fablica en simult\u00e1neo con la tramitaci\u00f3n del proyecto que termina con el lucro, la selecci\u00f3n y el copago.<\/p>\n","protected":false},"author":3,"featured_media":1071,"comment_status":"open","ping_status":"open","sticky":false,"template":"","format":"standard","meta":[],"categories":[7,2],"tags":[205,75,980,252],"_links":{"self":[{"href":"https:\/\/www.carlosmontes.cl\/senador\/wp-json\/wp\/v2\/posts\/1068"}],"collection":[{"href":"https:\/\/www.carlosmontes.cl\/senador\/wp-json\/wp\/v2\/posts"}],"about":[{"href":"https:\/\/www.carlosmontes.cl\/senador\/wp-json\/wp\/v2\/types\/post"}],"author":[{"embeddable":true,"href":"https:\/\/www.carlosmontes.cl\/senador\/wp-json\/wp\/v2\/users\/3"}],"replies":[{"embeddable":true,"href":"https:\/\/www.carlosmontes.cl\/senador\/wp-json\/wp\/v2\/comments?post=1068"}],"version-history":[{"count":4,"href":"https:\/\/www.carlosmontes.cl\/senador\/wp-json\/wp\/v2\/posts\/1068\/revisions"}],"predecessor-version":[{"id":1073,"href":"https:\/\/www.carlosmontes.cl\/senador\/wp-json\/wp\/v2\/posts\/1068\/revisions\/1073"}],"wp:featuredmedia":[{"embeddable":true,"href":"https:\/\/www.carlosmontes.cl\/senador\/wp-json\/wp\/v2\/media\/1071"}],"wp:attachment":[{"href":"https:\/\/www.carlosmontes.cl\/senador\/wp-json\/wp\/v2\/media?parent=1068"}],"wp:term":[{"taxonomy":"category","embeddable":true,"href":"https:\/\/www.carlosmontes.cl\/senador\/wp-json\/wp\/v2\/categories?post=1068"},{"taxonomy":"post_tag","embeddable":true,"href":"https:\/\/www.carlosmontes.cl\/senador\/wp-json\/wp\/v2\/tags?post=1068"}],"curies":[{"name":"wp","href":"https:\/\/api.w.org\/{rel}","templated":true}]}}